{"id":23564,"date":"2025-03-02T18:55:47","date_gmt":"2025-03-02T15:55:47","guid":{"rendered":"https:\/\/www.egemtv.com\/?p=23564"},"modified":"2025-03-02T18:55:51","modified_gmt":"2025-03-02T15:55:51","slug":"kusadasinda-1-kisinin-oldugu-silahli-kavgada-2-tutuklama","status":"publish","type":"post","link":"https:\/\/www.egemtv.com\/?p=23564","title":{"rendered":"Ku\u015fadas\u0131\u2019nda 1 ki\u015finin \u00f6ld\u00fc\u011f\u00fc silahl\u0131 kavgada 2 tutuklama"},"content":{"rendered":"<p>Ayd\u0131n\u2019\u0131n Ku\u015fadas\u0131 il\u00e7esinde 1 ki\u015finin hayat\u0131n\u0131 kaybetti\u011fi, 1 \u00e7ocu\u011fun da a\u011f\u0131r yaraland\u0131\u011f\u0131 silahl\u0131 kavgayla ilgili g\u00f6zalt\u0131na al\u0131nan 2 ki\u015fi, sevk edildikleri adli makamlarca tutuklanarak cezaevine g\u00f6nderildi.<br \/>\n<br \/>Olay, 1 Mart Cumartesi g\u00fcn\u00fc Ege Mahallesi\u2019nde saat 21.00 s\u0131ralar\u0131nda meydana geldi. Edinilen bilgiye g\u00f6re, aralar\u0131nda husumet bulunan iki grup, T\u00fct\u00fcnc\u00fcler Sitesi\u2019nde kar\u015f\u0131 kar\u015f\u0131ya geldi. \u00c7\u0131kan kavgada silahla vurulan U\u011fur Denli ve F.\u00d6. a\u011f\u0131r yaraland\u0131. Silah seslerini duyan vatanda\u015flar durumu 112 Acil \u00c7a\u011fr\u0131 Merkezi\u2019ne bildirdi. \u0130hbar \u00fczerine b\u00f6lgeye polis ve sa\u011fl\u0131k ekipleri sevk edildi. K\u0131sa s\u00fcrede olay yerine gelen sa\u011fl\u0131k ekipleri, yap\u0131lan ilk m\u00fcdahalenin ard\u0131ndan yaral\u0131lar\u0131 ambulansla Ku\u015fadas\u0131 Devlet Hastanesi\u2019ne kald\u0131rd\u0131. A\u011f\u0131r yaralanan U\u011fur Denli yap\u0131lan t\u00fcm m\u00fcdahalelere ra\u011fmen kurtar\u0131lamazken, F.\u00d6. isimli \u00e7ocuk Ayd\u0131n Adnan Menderes \u00dcniversitesi Hastanesi\u2019ne sevk edildi. Ayd\u0131n \u0130l Emniyet M\u00fcd\u00fcrl\u00fc\u011f\u00fc, hastane \u00e7evresinde geni\u015f g\u00fcvenlik \u00f6nlemleri ald\u0131.<br \/>\n<br \/>Olayla ilgili olarak \u015f\u00fcphelilerin ara\u00e7la \u00e7evrede dola\u015ft\u0131\u011f\u0131 ihbar\u0131 \u00fczerine polis ekipleri, arac\u0131n plakas\u0131 \u00fczerinden harekete ge\u00e7ti. Yap\u0131lan kovalamaca sonucu Zafer Meydan\u0131 Z\u00fcbeyde Han\u0131m Caddesi \u00fczerinde yakalanan ara\u00e7taki H.D. ve D.D. g\u00f6zalt\u0131na al\u0131nd\u0131. \u015e\u00fcphelilerin \u00fczerinde siyah renkli \u00e7elik ve balistik yelek oldu\u011fu belirlenirken, yap\u0131lan aramalarda \u00e7al\u0131l\u0131k alana at\u0131lm\u0131\u015f 2 tabanca, 3 \u015farj\u00f6r ve 21 mermi ele ge\u00e7irildi. \u015e\u00fcphelilerden H.D.\u2019nin 2, D.D.\u2019nin ise 14 su\u00e7 kayd\u0131 oldu\u011fu tespit edildi. G\u00f6zalt\u0131na al\u0131nan \u015f\u00fcpheliler Ayd\u0131n \u0130l Emniyeti M\u00fcd\u00fcrl\u00fc\u011f\u00fcne g\u00f6t\u00fcr\u00fcld\u00fc. \u0130\u015flemlerinin tamamlanmas\u0131n\u0131n ard\u0131ndan 2 \u015f\u00fcpheli adliyeye sevk edildi. Adliyede hakim kar\u015f\u0131s\u0131na \u00e7\u0131kart\u0131lan \u015f\u00fcpheliler, tutuklanarak cezaevine g\u00f6nderildi.<br \/><\/p>\n","protected":false},"excerpt":{"rendered":"<p>Ayd\u0131n\u2019\u0131n Ku\u015fadas\u0131 il\u00e7esinde 1 ki\u015finin hayat\u0131n\u0131 kaybetti\u011fi, 1 \u00e7ocu\u011fun da a\u011f\u0131r yaraland\u0131\u011f\u0131 silahl\u0131 kavgayla ilgili g\u00f6zalt\u0131na al\u0131nan 2 ki\u015fi, sevk edildikleri adli makamlarca tutuklanarak cezaevine g\u00f6nderildi. Olay, 1 Mart Cumartesi g\u00fcn\u00fc Ege Mahallesi\u2019nde saat 21.00 s\u0131ralar\u0131nda meydana geldi. Edinilen bilgiye g\u00f6re, aralar\u0131nda husumet bulunan iki grup, T\u00fct\u00fcnc\u00fcler Sitesi\u2019nde kar\u015f\u0131 kar\u015f\u0131ya geldi. \u00c7\u0131kan kavgada silahla vurulan&#8230;<\/p>\n","protected":false},"author":1,"featured_media":23565,"comment_status":"open","ping_status":"open","sticky":false,"template":"","format":"standard","meta":{"_crdt_document":"","footnotes":""},"categories":[5],"tags":[],"class_list":["post-23564","post","type-post","status-publish","format-standard","has-post-thumbnail","hentry","category-asayis"],"_links":{"self":[{"href":"https:\/\/www.egemtv.com\/index.php?rest_route=\/wp\/v2\/posts\/23564","targetHints":{"allow":["GET"]}}],"collection":[{"href":"https:\/\/www.egemtv.com\/index.php?rest_route=\/wp\/v2\/posts"}],"about":[{"href":"https:\/\/www.egemtv.com\/index.php?rest_route=\/wp\/v2\/types\/post"}],"author":[{"embeddable":true,"href":"https:\/\/www.egemtv.com\/index.php?rest_route=\/wp\/v2\/users\/1"}],"replies":[{"embeddable":true,"href":"https:\/\/www.egemtv.com\/index.php?rest_route=%2Fwp%2Fv2%2Fcomments&post=23564"}],"version-history":[{"count":1,"href":"https:\/\/www.egemtv.com\/index.php?rest_route=\/wp\/v2\/posts\/23564\/revisions"}],"predecessor-version":[{"id":23566,"href":"https:\/\/www.egemtv.com\/index.php?rest_route=\/wp\/v2\/posts\/23564\/revisions\/23566"}],"wp:featuredmedia":[{"embeddable":true,"href":"https:\/\/www.egemtv.com\/index.php?rest_route=\/wp\/v2\/media\/23565"}],"wp:attachment":[{"href":"https:\/\/www.egemtv.com\/index.php?rest_route=%2Fwp%2Fv2%2Fmedia&parent=23564"}],"wp:term":[{"taxonomy":"category","embeddable":true,"href":"https:\/\/www.egemtv.com\/index.php?rest_route=%2Fwp%2Fv2%2Fcategories&post=23564"},{"taxonomy":"post_tag","embeddable":true,"href":"https:\/\/www.egemtv.com\/index.php?rest_route=%2Fwp%2Fv2%2Ftags&post=23564"}],"curies":[{"name":"wp","href":"https:\/\/api.w.org\/{rel}","templated":true}]}}