{"id":23558,"date":"2025-03-02T17:37:34","date_gmt":"2025-03-02T14:37:34","guid":{"rendered":"https:\/\/www.egemtv.com\/?p=23558"},"modified":"2025-03-02T17:37:38","modified_gmt":"2025-03-02T14:37:38","slug":"kusadasi-belediyesinden-esnafa-ramazan-mujdesi","status":"publish","type":"post","link":"https:\/\/www.egemtv.com\/?p=23558","title":{"rendered":"Ku\u015fadas\u0131 Belediyesi\u2019nden esnafa ramazan m\u00fcjdesi"},"content":{"rendered":"<p>Ku\u015fadas\u0131 Belediye Ba\u015fkan\u0131 \u00d6mer G\u00fcnel, Ramazan ay\u0131n\u0131n ta\u015f\u0131d\u0131\u011f\u0131 dostluk ve dayan\u0131\u015fma ruhuna dikkat \u00e7ekerek, &#8220;Ku\u015fadas\u0131 Belediyesi olarak y\u0131l\u0131n 12 ay\u0131nda oldu\u011fu gibi Ramazan ay\u0131nda da hem\u015fehrilerimiz ile sofralar\u0131m\u0131z\u0131 payla\u015fmaya devam edece\u011fiz&#8221; dedi.<\/p>\n<p>Belediye Meclisi toplant\u0131s\u0131nda konu\u015fan Ba\u015fkan \u00d6mer G\u00fcnel, Ramazan\u2019\u0131n getirdi\u011fi manevi iklimin hay\u0131rlara vesile olmas\u0131n\u0131 diledi. Meclis toplant\u0131s\u0131nda kapal\u0131 pazaryeri esnaf\u0131na da bir m\u00fcjde geldi. Esnaf dostu Ku\u015fadas\u0131 Belediyesi, ekonomik kriz nedeniyle tezgah kiralar\u0131n\u0131 \u00f6demekte g\u00fc\u00e7l\u00fck \u00e7eken pazar yeri esnaf\u0131na bir destek daha sunarak taksit say\u0131s\u0131nda art\u0131\u015fa gitti.<\/p>\n<p>Ku\u015fadas\u0131 Belediye Meclisinin Mart ay\u0131 ola\u011fan toplant\u0131s\u0131 Pera K\u00fclt\u00fcr, D\u00fc\u011f\u00fcn ve Organizasyon Salonu\u2019nda Belediye Ba\u015fkan\u0131 \u00d6mer G\u00fcnel y\u00f6netiminde yap\u0131ld\u0131. Ramazan ay\u0131n\u0131n ilk g\u00fcn\u00fcne denk gelen toplant\u0131da sosyal yard\u0131m \u00e7al\u0131\u015fmalar\u0131 g\u00fcndemi \u00f6ne \u00e7\u0131kt\u0131. Toplant\u0131da, sosyal yard\u0131m i\u015flerinden sorumlu Belediye Ba\u015fkan Yard\u0131mc\u0131s\u0131 Seyfi Seyhan Suvari, Ramazan ay\u0131nda yap\u0131lacak \u00e7al\u0131\u015fmalar ile ilgili bilgi verdi. Ba\u015fkan Yard\u0131mc\u0131s\u0131 Suvari, Ku\u015fadas\u0131 Belediyesi taraf\u0131ndan y\u0131l boyunca s\u00fcrd\u00fcr\u00fclen g\u0131da kolisi yard\u0131m\u0131n\u0131n Ramazan ay\u0131 boyunca artarak devam edece\u011fini belirtti.<\/p>\n<p>Ramazan ay\u0131 boyunca 3 bin aileye g\u0131da kolisi yard\u0131m\u0131 yapacaklar\u0131n\u0131 kaydeden Ba\u015fkan Yard\u0131mc\u0131s\u0131 Seyfi Seyhan Suvari &#8220;Rakam talep ve ba\u015fvurular\u0131n de\u011ferlendirilmesi ile art\u0131\u015f g\u00f6sterebilir. G\u0131da kolilerimiz, temel ihtiya\u00e7lar\u0131n iki\u015fer kilo oldu\u011fu, 18 kalemlik zengin bir i\u00e7eri\u011fe sahiptir. 4 ki\u015filik bir ailenin bir ayl\u0131k temel g\u0131da ihtiyac\u0131n\u0131 kar\u015f\u0131layacak \u015fekilde haz\u0131rlanm\u0131\u015ft\u0131r&#8221; diye konu\u015ftu.<\/p>\n<p>Ramazan ay\u0131 boyunca kentte Ku\u015fadas\u0131 Belediyesi ile Ayd\u0131n B\u00fcy\u00fck\u015fehir Belediyesi taraf\u0131ndan 11 iftar sofras\u0131 kurulaca\u011f\u0131n\u0131 s\u00f6yleyen Seyfi Seyhan Suvari, iftar yeme\u011fi vermek isteyen hay\u0131rsever hem\u015fehrilerine gerekli deste\u011fin sunulaca\u011f\u0131n\u0131 ifade etti.<\/p>\n<p>Toplant\u0131da ele al\u0131nan bir di\u011fer konu ise, Ku\u015fadas\u0131\u2019nda ikamet edenlere \u00e7e\u015fitli indirim ve avantajlar sunan Adal\u0131 Kart\u2019\u0131n geri d\u00f6n\u00fc\u015f\u00fcm alan\u0131nda kullan\u0131lmas\u0131 oldu. S\u0131f\u0131r At\u0131k M\u00fcd\u00fcrl\u00fc\u011f\u00fc taraf\u0131ndan meclise sunulan evsel at\u0131k ya\u011flar\u0131n geri d\u00f6n\u00fc\u015f\u00fcm\u00fcn\u00fcn sa\u011flanmas\u0131 ile ilgili madde hakk\u0131nda konu\u015fan Ba\u015fkan \u00d6mer G\u00fcnel, &#8220;Bir y\u0131l gibi k\u0131sa bir s\u00fcrede Arya Tesisleri d\u0131\u015f\u0131nda 56 \u00fcye i\u015f yerine ve 36 bin kullan\u0131c\u0131ya ula\u015fan Adal\u0131 Kart\u2019\u0131n geri d\u00f6n\u00fc\u015f\u00fcm\u00fcn te\u015fvikini sa\u011flama noktas\u0131nda da i\u015flev kazanabilmesini istiyoruz. Bu ama\u00e7la evsel at\u0131k ya\u011flar\u0131n\u0131 lisansl\u0131 firmaya teslim eden hem\u015fehrilerimizin Adal\u0131 Kartlar\u0131na di\u011fer \u00fcye i\u015f yerlerinde kullanabilecekleri bir puan y\u00fcklenecek&#8221; dedi.<br \/><\/p>\n","protected":false},"excerpt":{"rendered":"<p>Ku\u015fadas\u0131 Belediye Ba\u015fkan\u0131 \u00d6mer G\u00fcnel, Ramazan ay\u0131n\u0131n ta\u015f\u0131d\u0131\u011f\u0131 dostluk ve dayan\u0131\u015fma ruhuna dikkat \u00e7ekerek, &#8220;Ku\u015fadas\u0131 Belediyesi olarak y\u0131l\u0131n 12 ay\u0131nda oldu\u011fu gibi Ramazan ay\u0131nda da hem\u015fehrilerimiz ile sofralar\u0131m\u0131z\u0131 payla\u015fmaya devam edece\u011fiz&#8221; dedi. Belediye Meclisi toplant\u0131s\u0131nda konu\u015fan Ba\u015fkan \u00d6mer G\u00fcnel, Ramazan\u2019\u0131n getirdi\u011fi manevi iklimin hay\u0131rlara vesile olmas\u0131n\u0131 diledi. Meclis toplant\u0131s\u0131nda kapal\u0131 pazaryeri esnaf\u0131na da bir m\u00fcjde&#8230;<\/p>\n","protected":false},"author":1,"featured_media":23559,"comment_status":"open","ping_status":"open","sticky":false,"template":"","format":"standard","meta":{"_crdt_document":"","footnotes":""},"categories":[127],"tags":[],"class_list":["post-23558","post","type-post","status-publish","format-standard","has-post-thumbnail","hentry","category-siyaset"],"_links":{"self":[{"href":"https:\/\/www.egemtv.com\/index.php?rest_route=\/wp\/v2\/posts\/23558","targetHints":{"allow":["GET"]}}],"collection":[{"href":"https:\/\/www.egemtv.com\/index.php?rest_route=\/wp\/v2\/posts"}],"about":[{"href":"https:\/\/www.egemtv.com\/index.php?rest_route=\/wp\/v2\/types\/post"}],"author":[{"embeddable":true,"href":"https:\/\/www.egemtv.com\/index.php?rest_route=\/wp\/v2\/users\/1"}],"replies":[{"embeddable":true,"href":"https:\/\/www.egemtv.com\/index.php?rest_route=%2Fwp%2Fv2%2Fcomments&post=23558"}],"version-history":[{"count":1,"href":"https:\/\/www.egemtv.com\/index.php?rest_route=\/wp\/v2\/posts\/23558\/revisions"}],"predecessor-version":[{"id":23560,"href":"https:\/\/www.egemtv.com\/index.php?rest_route=\/wp\/v2\/posts\/23558\/revisions\/23560"}],"wp:featuredmedia":[{"embeddable":true,"href":"https:\/\/www.egemtv.com\/index.php?rest_route=\/wp\/v2\/media\/23559"}],"wp:attachment":[{"href":"https:\/\/www.egemtv.com\/index.php?rest_route=%2Fwp%2Fv2%2Fmedia&parent=23558"}],"wp:term":[{"taxonomy":"category","embeddable":true,"href":"https:\/\/www.egemtv.com\/index.php?rest_route=%2Fwp%2Fv2%2Fcategories&post=23558"},{"taxonomy":"post_tag","embeddable":true,"href":"https:\/\/www.egemtv.com\/index.php?rest_route=%2Fwp%2Fv2%2Ftags&post=23558"}],"curies":[{"name":"wp","href":"https:\/\/api.w.org\/{rel}","templated":true}]}}