{"id":23555,"date":"2025-03-02T17:37:30","date_gmt":"2025-03-02T14:37:30","guid":{"rendered":"https:\/\/www.egemtv.com\/?p=23555"},"modified":"2025-03-02T17:37:34","modified_gmt":"2025-03-02T14:37:34","slug":"atcadaki-sezonun-son-deve-guresine-yogun-ilgi","status":"publish","type":"post","link":"https:\/\/www.egemtv.com\/?p=23555","title":{"rendered":"At\u00e7a\u2019daki sezonun son deve g\u00fcre\u015fine yo\u011fun ilgi"},"content":{"rendered":"<p>Ayd\u0131n\u2019\u0131n Sultanhisar il\u00e7esine ba\u011fl\u0131 At\u00e7a Mahallesi\u2019nde sezonun son deve g\u00fcre\u015fi yo\u011fun kat\u0131l\u0131mla ger\u00e7ekle\u015fti.<\/p>\n<p>Sultanhisar\u2019\u0131n en b\u00fcy\u00fck mahallesi olan At\u00e7a Mahallesi\u2019nde d\u00fczenlenen 28. Ulusal Sultanhisar At\u00e7a Geleneksel Deve G\u00fcre\u015fi Festivali vatanda\u015flar\u0131n yo\u011fun kat\u0131l\u0131m\u0131yla tamamland\u0131. At\u00e7a Mahallesi\u2019nde her y\u0131l co\u015fkuyla d\u00fczenlenen geleneksel deve g\u00fcre\u015fi sezonun da son g\u00fcre\u015fi olmas\u0131 nedeniyle g\u00fcre\u015fseverler taraf\u0131ndan b\u00fcy\u00fck ilgi g\u00f6rd\u00fc. Ramazan Ay\u0131\u2019na ra\u011fmen g\u00fcre\u015f arenas\u0131n\u0131 dolduran vatanda\u015flar 210 pehlivan devenin k\u0131ran k\u0131rana g\u00fcre\u015flerini b\u00fcy\u00fck bir heyecanla takip etti.<\/p>\n<p>&#8220;G\u00fcre\u015fleri Deve G\u00fcre\u015fi Sevenler Derne\u011fi d\u00fczenledi&#8221;<br \/>\n<br \/>Sultanhisar Belediye Ba\u015fkan\u0131 Osman Y\u0131ld\u0131r\u0131mkaya, &#8220;Festivallerimiz, k\u00fclt\u00fcr\u00fcm\u00fcz\u00fc ya\u015fatman\u0131n ve geleneklerimizi gelecek nesillere aktarman\u0131n en g\u00fczel yollar\u0131ndan biridir. G\u00fcre\u015fleri Deve G\u00fcre\u015fi Sevenler Derne\u011fi d\u00fczenledi. Biz de belediye olarak destek verdik. Bu y\u0131l da geleneksel deve g\u00fcre\u015fi festivalimizi At\u00e7a Mahallemizde b\u00fcy\u00fck bir co\u015fku ve heyecanla ger\u00e7ekle\u015ftirdik. Halk\u0131m\u0131z\u0131n b\u00fcy\u00fck bir zevkle izledi\u011fi geleneksel Y\u00f6r\u00fck K\u00fclt\u00fcr\u00fcm\u00fcz\u00fc ya\u015fatmak ad\u0131na Ege, Marmara ve Akdeniz B\u00f6lgelerinden getirilen 210 pehlivan deve g\u00fcre\u015flere kat\u0131ld\u0131. Hem\u015fehrilerimizle birlikte unutulmaz anlar ya\u015fad\u0131\u011f\u0131m\u0131za inan\u0131yorum. Kat\u0131lan ve destek veren ba\u015fta Ayd\u0131n B\u00fcy\u00fck\u015fehir Belediye Ba\u015fkan\u0131m\u0131z \u00d6zlem \u00c7er\u00e7io\u011flu olmak \u00fczere herkese \u00e7ok te\u015fekk\u00fcr ediyorum&#8221; dedi.<\/p>\n<p>&#8220;T\u00fcm vatanda\u015flar\u0131m\u0131z\u0131n Ramazan\u0131n\u0131 en i\u00e7ten dileklerimle kutluyorum&#8221;<br \/>\n<br \/>Eme\u011fi ge\u00e7en herkese te\u015fekk\u00fcr eden ve halk\u0131n Ramazan Ay\u0131\u2019n\u0131 kutlayarak s\u00f6zlerine ba\u015flayan Ayd\u0131n B\u00fcy\u00fck\u015fehir Belediye Ba\u015fkan\u0131 \u00d6zlem \u00c7er\u00e7io\u011flu, &#8220;Y\u00f6r\u00fck k\u00fclt\u00fcr\u00fcm\u00fcz\u00fc gelecek nesillere aktarmak amac\u0131yla bug\u00fcn burada 28.\u2019sini d\u00fczenledi\u011fimiz deve g\u00fcre\u015fi \u015fenliklerine Cumhuriyet Halk Partili Belediye ve \u0130l\u00e7e Ba\u015fkanlar\u0131m\u0131zla birlikte kat\u0131ld\u0131k. Bu vesileyle de t\u00fcm vatanda\u015flar\u0131m\u0131z\u0131n Ramazan\u0131n\u0131 en i\u00e7ten dileklerimle kutluyorum&#8221; diye konu\u015ftu.<\/p>\n<p>\u0130ftar programlar\u0131na davet etti<br \/>\n<br \/>T\u00fcm Ayd\u0131n halk\u0131n\u0131 b\u00fcy\u00fck\u015fehir belediyesi taraf\u0131ndan d\u00fczenlenen iftar programlar\u0131na davet eden ba\u015fkan \u00c7er\u00e7io\u011flu, &#8220;Geleneksel iftar sofralar\u0131m\u0131zda bulu\u015fmak \u00fczere t\u00fcm halk\u0131m\u0131z\u0131 iftar sofralar\u0131m\u0131za davet ediyoruz. Sal\u0131 g\u00fcn\u00fcnden itibaren ilk olarak \u00c7ine Belediyemiz\u2019de t\u00fcm CHP\u2019li belediye ba\u015fkanlar\u0131m\u0131zla iftarda birlikte olaca\u011f\u0131z. Sonras\u0131nda da 17 il\u00e7emizde d\u00fczenledi\u011fimiz iftarlar\u0131m\u0131za kat\u0131larak halk\u0131m\u0131zla birlikte olaca\u011f\u0131z&#8221; ifadelerini kulland\u0131.<\/p>\n<p>&#8220;Belediyeler olmasa bu g\u00fcre\u015fler yap\u0131lamaz&#8221;<br \/>\n<br \/>G\u00fcre\u015flerin kolay yap\u0131lmad\u0131\u011f\u0131n\u0131 ve zor \u015fartlar alt\u0131nda haz\u0131rl\u0131klar\u0131n yap\u0131ld\u0131\u011f\u0131n\u0131 ifade eden deve sahiplerinden U\u011fur K\u0131l\u0131n\u00e7 ise konu\u015fmas\u0131nda, &#8220;Belediyeler olmasa bu g\u00fcre\u015fler yap\u0131lamaz. \u00d6ncelikle herkesin ramazan\u0131n\u0131 kutluyorum. Ramazan ay\u0131na ra\u011fmen vatanda\u015flar\u0131m\u0131z 800 y\u0131ll\u0131k geleneksel Y\u00f6r\u00fck k\u00fclt\u00fcr\u00fcm\u00fcz\u00fc ya\u015fatmak i\u00e7in buraya geldi. Eme\u011fi ge\u00e7en herkese te\u015fekk\u00fcr ediyorum&#8221; dedi.<\/p>\n<p>Ayd\u0131n B\u00fcy\u00fck\u015fehir Belediye Ba\u015fkan\u0131 \u00d6zlem \u00c7er\u00e7io\u011flu\u2019un \u00f6nc\u00fcl\u00fc\u011f\u00fcnde halk\u0131 selamlayan protokol \u00fcyeleri vatanda\u015flara po\u015fu ve kasket da\u011f\u0131tt\u0131. Vatanda\u015flar\u0131n co\u015fkulu alk\u0131\u015flar\u0131 e\u015fli\u011finde sahay\u0131 turlayan Ba\u015fkan \u00c7er\u00e7io\u011flu ve beraberindekiler bu co\u015fkuya ortak oldu. Yap\u0131lan kupa g\u00fcre\u015flerinde ise kazanan ve berabere kalan deve sahiplerine kupalar\u0131 protokol \u00fcyeleri taraf\u0131ndan takdim edildi.<\/p>\n<p>Deve g\u00fcre\u015fi festivaline; Ayd\u0131n B\u00fcy\u00fck\u015fehir Belediye Ba\u015fkan\u0131 \u00d6zlem \u00c7er\u00e7io\u011flu, Sultanhisar Belediye Ba\u015fkan\u0131 Osman Y\u0131ld\u0131r\u0131mkaya, CHP\u2019li belediye ba\u015fkanlar\u0131, siyasi parti il ve il\u00e7e ba\u015fkanlar\u0131, mahalle muhtarlar\u0131 ve yakla\u015f\u0131k 10 bin g\u00fcre\u015fsever kat\u0131ld\u0131.<br \/><\/p>\n","protected":false},"excerpt":{"rendered":"<p>Ayd\u0131n\u2019\u0131n Sultanhisar il\u00e7esine ba\u011fl\u0131 At\u00e7a Mahallesi\u2019nde sezonun son deve g\u00fcre\u015fi yo\u011fun kat\u0131l\u0131mla ger\u00e7ekle\u015fti. Sultanhisar\u2019\u0131n en b\u00fcy\u00fck mahallesi olan At\u00e7a Mahallesi\u2019nde d\u00fczenlenen 28. Ulusal Sultanhisar At\u00e7a Geleneksel Deve G\u00fcre\u015fi Festivali vatanda\u015flar\u0131n yo\u011fun kat\u0131l\u0131m\u0131yla tamamland\u0131. At\u00e7a Mahallesi\u2019nde her y\u0131l co\u015fkuyla d\u00fczenlenen geleneksel deve g\u00fcre\u015fi sezonun da son g\u00fcre\u015fi olmas\u0131 nedeniyle g\u00fcre\u015fseverler taraf\u0131ndan b\u00fcy\u00fck ilgi g\u00f6rd\u00fc. Ramazan Ay\u0131\u2019na&#8230;<\/p>\n","protected":false},"author":1,"featured_media":23556,"comment_status":"open","ping_status":"open","sticky":false,"template":"","format":"standard","meta":{"_crdt_document":"","footnotes":""},"categories":[1],"tags":[],"class_list":["post-23555","post","type-post","status-publish","format-standard","has-post-thumbnail","hentry","category-guncel"],"_links":{"self":[{"href":"https:\/\/www.egemtv.com\/index.php?rest_route=\/wp\/v2\/posts\/23555","targetHints":{"allow":["GET"]}}],"collection":[{"href":"https:\/\/www.egemtv.com\/index.php?rest_route=\/wp\/v2\/posts"}],"about":[{"href":"https:\/\/www.egemtv.com\/index.php?rest_route=\/wp\/v2\/types\/post"}],"author":[{"embeddable":true,"href":"https:\/\/www.egemtv.com\/index.php?rest_route=\/wp\/v2\/users\/1"}],"replies":[{"embeddable":true,"href":"https:\/\/www.egemtv.com\/index.php?rest_route=%2Fwp%2Fv2%2Fcomments&post=23555"}],"version-history":[{"count":1,"href":"https:\/\/www.egemtv.com\/index.php?rest_route=\/wp\/v2\/posts\/23555\/revisions"}],"predecessor-version":[{"id":23557,"href":"https:\/\/www.egemtv.com\/index.php?rest_route=\/wp\/v2\/posts\/23555\/revisions\/23557"}],"wp:featuredmedia":[{"embeddable":true,"href":"https:\/\/www.egemtv.com\/index.php?rest_route=\/wp\/v2\/media\/23556"}],"wp:attachment":[{"href":"https:\/\/www.egemtv.com\/index.php?rest_route=%2Fwp%2Fv2%2Fmedia&parent=23555"}],"wp:term":[{"taxonomy":"category","embeddable":true,"href":"https:\/\/www.egemtv.com\/index.php?rest_route=%2Fwp%2Fv2%2Fcategories&post=23555"},{"taxonomy":"post_tag","embeddable":true,"href":"https:\/\/www.egemtv.com\/index.php?rest_route=%2Fwp%2Fv2%2Ftags&post=23555"}],"curies":[{"name":"wp","href":"https:\/\/api.w.org\/{rel}","templated":true}]}}