{"id":23552,"date":"2025-03-02T17:37:26","date_gmt":"2025-03-02T14:37:26","guid":{"rendered":"https:\/\/www.egemtv.com\/?p=23552"},"modified":"2025-03-02T17:37:30","modified_gmt":"2025-03-02T14:37:30","slug":"cesme-belediyespor-deplasmandan-1-puanla-dondu","status":"publish","type":"post","link":"https:\/\/www.egemtv.com\/?p=23552","title":{"rendered":"\u00c7e\u015fme Belediyespor, deplasmandan 1 puanla d\u00f6nd\u00fc"},"content":{"rendered":"<p>B\u00f6lgesel Amat\u00f6r Lig 7. Grup\u2019un 19. haftas\u0131nda \u00c7e\u015fme Belediyespor, deplasmanda Ortaca Belediyespor ile 1-1 berabere kald\u0131.<br \/>\n<br \/>Ma\u00e7\u0131n ilk yar\u0131s\u0131 gols\u00fcz sonu\u00e7lan\u0131rken, ikinci yar\u0131da ilk gol\u00fc bulan taraf Ortaca Belediyespor oldu. Enes Erdal \u0130\u00e7, 55. dakikada buldu\u011fu golle tak\u0131m\u0131n\u0131 1-0 \u00f6ne ge\u00e7irdi. \u00c7e\u015fme Belediyespor oyuncusu Cem \u015eahinkaya, 78. dakikada att\u0131\u011f\u0131 golle 1-1\u2019lik e\u015fitli\u011fi sa\u011flad\u0131. Kalan dakikalarda her iki tak\u0131m da ba\u015fka gol bulamay\u0131nca ma\u00e7 1-1 berabere sonu\u00e7land\u0131.<br \/>\n<br \/>\u00c7e\u015fme Belediyespor, puan\u0131n\u0131 16\u2019ya y\u00fckselterek, 13. s\u0131raya y\u00fckseldi.<br \/>\n<br \/>\u00c7e\u015fme Belediyespor, 9 Mart Pazar g\u00fcn\u00fc oynamas\u0131 gerekti\u011fi ma\u00e7ta, rakibi Didim BSYSK\u2019n\u0131n ligden \u00e7ekilmesi nedeniyle h\u00fckmen galip say\u0131lacak.<br \/><\/p>\n","protected":false},"excerpt":{"rendered":"<p>B\u00f6lgesel Amat\u00f6r Lig 7. Grup\u2019un 19. haftas\u0131nda \u00c7e\u015fme Belediyespor, deplasmanda Ortaca Belediyespor ile 1-1 berabere kald\u0131. Ma\u00e7\u0131n ilk yar\u0131s\u0131 gols\u00fcz sonu\u00e7lan\u0131rken, ikinci yar\u0131da ilk gol\u00fc bulan taraf Ortaca Belediyespor oldu. Enes Erdal \u0130\u00e7, 55. dakikada buldu\u011fu golle tak\u0131m\u0131n\u0131 1-0 \u00f6ne ge\u00e7irdi. \u00c7e\u015fme Belediyespor oyuncusu Cem \u015eahinkaya, 78. dakikada att\u0131\u011f\u0131 golle 1-1\u2019lik e\u015fitli\u011fi sa\u011flad\u0131. Kalan dakikalarda&#8230;<\/p>\n","protected":false},"author":1,"featured_media":23553,"comment_status":"open","ping_status":"open","sticky":false,"template":"","format":"standard","meta":{"_crdt_document":"","footnotes":""},"categories":[4],"tags":[],"class_list":["post-23552","post","type-post","status-publish","format-standard","has-post-thumbnail","hentry","category-spor"],"_links":{"self":[{"href":"https:\/\/www.egemtv.com\/index.php?rest_route=\/wp\/v2\/posts\/23552","targetHints":{"allow":["GET"]}}],"collection":[{"href":"https:\/\/www.egemtv.com\/index.php?rest_route=\/wp\/v2\/posts"}],"about":[{"href":"https:\/\/www.egemtv.com\/index.php?rest_route=\/wp\/v2\/types\/post"}],"author":[{"embeddable":true,"href":"https:\/\/www.egemtv.com\/index.php?rest_route=\/wp\/v2\/users\/1"}],"replies":[{"embeddable":true,"href":"https:\/\/www.egemtv.com\/index.php?rest_route=%2Fwp%2Fv2%2Fcomments&post=23552"}],"version-history":[{"count":1,"href":"https:\/\/www.egemtv.com\/index.php?rest_route=\/wp\/v2\/posts\/23552\/revisions"}],"predecessor-version":[{"id":23554,"href":"https:\/\/www.egemtv.com\/index.php?rest_route=\/wp\/v2\/posts\/23552\/revisions\/23554"}],"wp:featuredmedia":[{"embeddable":true,"href":"https:\/\/www.egemtv.com\/index.php?rest_route=\/wp\/v2\/media\/23553"}],"wp:attachment":[{"href":"https:\/\/www.egemtv.com\/index.php?rest_route=%2Fwp%2Fv2%2Fmedia&parent=23552"}],"wp:term":[{"taxonomy":"category","embeddable":true,"href":"https:\/\/www.egemtv.com\/index.php?rest_route=%2Fwp%2Fv2%2Fcategories&post=23552"},{"taxonomy":"post_tag","embeddable":true,"href":"https:\/\/www.egemtv.com\/index.php?rest_route=%2Fwp%2Fv2%2Ftags&post=23552"}],"curies":[{"name":"wp","href":"https:\/\/api.w.org\/{rel}","templated":true}]}}