{"id":23549,"date":"2025-03-02T16:31:44","date_gmt":"2025-03-02T13:31:44","guid":{"rendered":"https:\/\/www.egemtv.com\/?p=23549"},"modified":"2025-03-02T16:31:48","modified_gmt":"2025-03-02T13:31:48","slug":"manisa-fk-igdir-fkyi-agirlayacak","status":"publish","type":"post","link":"https:\/\/www.egemtv.com\/?p=23549","title":{"rendered":"Manisa FK, I\u011fd\u0131r FK\u2019y\u0131 a\u011f\u0131rlayacak"},"content":{"rendered":"<p>Manisa Futbol Kul\u00fcb\u00fc, Trendyol 1. Lig\u2019in 28. hafta m\u00fccadelesinde sahas\u0131nda kar\u015f\u0131la\u015faca\u011f\u0131 I\u011fd\u0131r FK ma\u00e7\u0131n\u0131n haz\u0131rl\u0131klar\u0131na ba\u015flad\u0131.<br \/>\n<br \/>Manisa Futbol Kul\u00fcb\u00fc, Trendyol 1. Lig\u2019in 28. hafta m\u00fccadelesinde sahas\u0131nda I\u011fd\u0131r Futbol Kul\u00fcb\u00fc\u2019n\u00fc konuk edecek. Manisa FK, 4 Mart Sal\u0131 g\u00fcn\u00fc saat 16.00\u2019da Manisa 19 May\u0131s Stadyumu\u2019nda oynanacak ma\u00e7\u0131n haz\u0131rl\u0131klar\u0131n\u0131 s\u00fcrd\u00fcr\u00fcyor. Gen\u00e7lerbirli\u011fi m\u00fccadelesinden 3-0 ma\u011flup ayr\u0131larak k\u00f6t\u00fc gidi\u015fat\u0131n\u0131 s\u00fcrd\u00fcren Manisa FK, kendi evinde oynayaca\u011f\u0131 I\u011fd\u0131r FK kar\u015f\u0131la\u015fmas\u0131n\u0131 kazanarak rahat bir nefes almak istiyor.<br \/>\n<br \/>Teknik Direkt\u00f6r Hakan \u015eap\u00e7\u0131 y\u00f6netiminde ger\u00e7ekle\u015fen antrenman \u0131s\u0131nma hareketleriyle ba\u015flad\u0131. Antrenman dar alan oyunlar\u0131 ve taktik \u00e7al\u0131\u015fmayla sona erdi. Siyah-beyazl\u0131lar, yar\u0131n yapaca\u011f\u0131 antrenmanla A.H. I\u011fd\u0131r FK ma\u00e7\u0131n\u0131n haz\u0131rl\u0131klar\u0131n\u0131 s\u00fcrd\u00fcrecek.<\/p>\n<p>I\u011fd\u0131r FK ma\u00e7\u0131n\u0131n biletleri sat\u0131\u015fa \u00e7\u0131kt\u0131<br \/>\n<br \/>Manisa Futbol Kul\u00fcb\u00fc, I\u011fd\u0131r FK ma\u00e7\u0131n\u0131n biletlerinin sat\u0131\u015fa sunuldu\u011funu a\u00e7\u0131klad\u0131. Kar\u015f\u0131la\u015fman\u0131n biletleri www.passo.com.tr ve Passo mobil uygulamas\u0131 \u00fczerinden sat\u0131\u015fa \u00e7\u0131kt\u0131. Kad\u0131n ve 18 ya\u015f alt\u0131 t\u00fcm taraftarlar, di\u011fer i\u00e7 saha ma\u00e7lar\u0131nda oldu\u011fu gibi kar\u015f\u0131la\u015fmay\u0131 \u00fccretsiz izleyebilecek. Ma\u00e7lar\u0131 trib\u00fcnden takip etmek isteyen kad\u0131n ve 18 ya\u015f alt\u0131 taraftarlar\u0131n Passolig kart\u0131 sahibi olmas\u0131n\u0131n zorunlu oldu\u011fu a\u00e7\u0131kland\u0131.<br \/>\n<br \/>Kar\u015f\u0131la\u015fman\u0131n bilet fiyatlar\u0131 ise \u015f\u00f6yle:<br \/>\n<br \/>&#8220;Kapal\u0131 Alt Trib\u00fcn: 30 TL, Misafir Trib\u00fcn\u00fc: 39 TL.&#8221;<br \/><\/p>\n","protected":false},"excerpt":{"rendered":"<p>Manisa Futbol Kul\u00fcb\u00fc, Trendyol 1. Lig\u2019in 28. hafta m\u00fccadelesinde sahas\u0131nda kar\u015f\u0131la\u015faca\u011f\u0131 I\u011fd\u0131r FK ma\u00e7\u0131n\u0131n haz\u0131rl\u0131klar\u0131na ba\u015flad\u0131. Manisa Futbol Kul\u00fcb\u00fc, Trendyol 1. Lig\u2019in 28. hafta m\u00fccadelesinde sahas\u0131nda I\u011fd\u0131r Futbol Kul\u00fcb\u00fc\u2019n\u00fc konuk edecek. Manisa FK, 4 Mart Sal\u0131 g\u00fcn\u00fc saat 16.00\u2019da Manisa 19 May\u0131s Stadyumu\u2019nda oynanacak ma\u00e7\u0131n haz\u0131rl\u0131klar\u0131n\u0131 s\u00fcrd\u00fcr\u00fcyor. Gen\u00e7lerbirli\u011fi m\u00fccadelesinden 3-0 ma\u011flup ayr\u0131larak k\u00f6t\u00fc gidi\u015fat\u0131n\u0131 s\u00fcrd\u00fcren&#8230;<\/p>\n","protected":false},"author":1,"featured_media":23550,"comment_status":"open","ping_status":"open","sticky":false,"template":"","format":"standard","meta":{"_crdt_document":"","footnotes":""},"categories":[4],"tags":[],"class_list":["post-23549","post","type-post","status-publish","format-standard","has-post-thumbnail","hentry","category-spor"],"_links":{"self":[{"href":"https:\/\/www.egemtv.com\/index.php?rest_route=\/wp\/v2\/posts\/23549","targetHints":{"allow":["GET"]}}],"collection":[{"href":"https:\/\/www.egemtv.com\/index.php?rest_route=\/wp\/v2\/posts"}],"about":[{"href":"https:\/\/www.egemtv.com\/index.php?rest_route=\/wp\/v2\/types\/post"}],"author":[{"embeddable":true,"href":"https:\/\/www.egemtv.com\/index.php?rest_route=\/wp\/v2\/users\/1"}],"replies":[{"embeddable":true,"href":"https:\/\/www.egemtv.com\/index.php?rest_route=%2Fwp%2Fv2%2Fcomments&post=23549"}],"version-history":[{"count":1,"href":"https:\/\/www.egemtv.com\/index.php?rest_route=\/wp\/v2\/posts\/23549\/revisions"}],"predecessor-version":[{"id":23551,"href":"https:\/\/www.egemtv.com\/index.php?rest_route=\/wp\/v2\/posts\/23549\/revisions\/23551"}],"wp:featuredmedia":[{"embeddable":true,"href":"https:\/\/www.egemtv.com\/index.php?rest_route=\/wp\/v2\/media\/23550"}],"wp:attachment":[{"href":"https:\/\/www.egemtv.com\/index.php?rest_route=%2Fwp%2Fv2%2Fmedia&parent=23549"}],"wp:term":[{"taxonomy":"category","embeddable":true,"href":"https:\/\/www.egemtv.com\/index.php?rest_route=%2Fwp%2Fv2%2Fcategories&post=23549"},{"taxonomy":"post_tag","embeddable":true,"href":"https:\/\/www.egemtv.com\/index.php?rest_route=%2Fwp%2Fv2%2Ftags&post=23549"}],"curies":[{"name":"wp","href":"https:\/\/api.w.org\/{rel}","templated":true}]}}