{"id":23543,"date":"2025-03-02T16:06:58","date_gmt":"2025-03-02T13:06:58","guid":{"rendered":"https:\/\/www.egemtv.com\/?p=23543"},"modified":"2025-03-02T16:07:02","modified_gmt":"2025-03-02T13:07:02","slug":"ozay-gonlum-vefatinin-25-yilinda-denizlide-anildi","status":"publish","type":"post","link":"https:\/\/www.egemtv.com\/?p=23543","title":{"rendered":"\u00d6zay G\u00f6nl\u00fcm, vefat\u0131n\u0131n 25. y\u0131l\u0131nda Denizli\u2019de an\u0131ld\u0131"},"content":{"rendered":"<p>Denizli\u2019nin yeti\u015ftirdi\u011fi T\u00fcrk Halk M\u00fczi\u011fi\u2019nin unutulmaz usta ismi \u00d6zay G\u00f6nl\u00fcm, vefat\u0131n\u0131n 25\u2019inci y\u0131l\u0131nda Denizli B\u00fcy\u00fck\u015fehir Belediyesi taraf\u0131ndan d\u00fczenlenen bir anma program\u0131yla y\u00e2d edildi.<\/p>\n<p>Denizli B\u00fcy\u00fck\u015fehir Belediyesi taraf\u0131ndan d\u00fczenlenen &#8220;\u00d6zay G\u00f6nl\u00fcm 25. Y\u0131l Anma Program\u0131&#8221;, Cumartesi ak\u015fam\u0131 Nihat Zeybekci Kongre ve K\u00fclt\u00fcr Merkezi\u2019nde ve sanat\u00e7\u0131n\u0131n ad\u0131n\u0131 ta\u015f\u0131yan \u00d6zay G\u00f6nl\u00fcm Salonu\u2019nda b\u00fcy\u00fck bir kat\u0131l\u0131mla ger\u00e7ekle\u015fti. T\u00fcrk Halk M\u00fczi\u011fi\u2019nin unutulmaz ismi \u00d6zay G\u00f6nl\u00fcm, sevilen t\u00fcrk\u00fcleriyle bir kez daha an\u0131ld\u0131.<\/p>\n<p>Anma program\u0131na Denizli B\u00fcy\u00fck\u015fehir Belediye Ba\u015fkan\u0131 B\u00fclent Nuri \u00c7avu\u015fo\u011flu, Ba\u015fkanvekili Ali Mar\u0131m, \u0130l\u00e7e Belediye Ba\u015fkanlar\u0131, davetliler ve \u00d6zay G\u00f6nl\u00fcm\u2019\u00fc anmak isteyen \u00e7ok say\u0131da vatanda\u015f kat\u0131ld\u0131. Usta sanat\u00e7\u0131n\u0131n \u00c7atal\u00e7e\u015fme Oda Tiyatrosu bah\u00e7esindeki an\u0131t heykeli \u00f6n\u00fcnde yap\u0131lan \u00e7elenk sunma t\u00f6reninin ard\u0131ndan ger\u00e7ekle\u015ftirilen anma konserinde Denizli B\u00fcy\u00fck\u015fehir Belediyesi Konservatuvar\u0131 T\u00fcrk Halk M\u00fczi\u011fi Korosu\u2019nun sahne al\u0131rken \u015fef \u0130smail Barkan y\u00f6netiminde sanat\u00e7\u0131n\u0131n en sevilen eserleri seslendirildi. Konser boyunca salonda duygusal anlar ya\u015fan\u0131rken, dinleyiciler de t\u00fcrk\u00fclere hep bir a\u011f\u0131zdan e\u015flik etti. Kat\u0131l\u0131mc\u0131lar, b\u00f6yle anlaml\u0131 bir etkinli\u011fi d\u00fczenleyen Denizli B\u00fcy\u00fck\u015fehir Belediyesi\u2019ne te\u015fekk\u00fcr etti. Gecenin sonunda sahneye \u00e7\u0131kan koro \u00fcyeleri ve izleyiciler, \u00d6zay G\u00f6nl\u00fcm\u2019\u00fc alk\u0131\u015flarla y\u00e2d etti.<\/p>\n<p>&#8220;\u00d6zay G\u00f6nl\u00fcm sadece Denizli\u2019ye de\u011fil, D\u00fcnya k\u00fclt\u00fcr\u00fcne bir miras&#8221;<br \/>\n<br \/>Anma program\u0131n\u0131n a\u00e7\u0131l\u0131\u015f konu\u015fmas\u0131n\u0131 ger\u00e7ekle\u015ftiren Denizli B\u00fcy\u00fck\u015fehir Belediye Ba\u015fkan\u0131 B\u00fclent Nuri \u00c7avu\u015fo\u011flu, \u00d6zay G\u00f6nl\u00fcm\u2019\u00fcn Denizli\u2019nin yeti\u015ftirdi\u011fi \u00f6nemli sanat\u00e7\u0131lardan biri olarak D\u00fcnya k\u00fclt\u00fcr\u00fcne de bir miras oldu\u011funun alt\u0131n\u0131 \u00e7izdi. Ba\u015fkan \u00c7avu\u015fo\u011flu konu\u015fmas\u0131n\u0131n devam\u0131nda, &#8220;Hem Denizli a\u00e7\u0131s\u0131ndan hem de ge\u00e7mi\u015fimiz, gelece\u011fimiz ve k\u00fclt\u00fcr\u00fcm\u00fcz a\u00e7\u0131s\u0131ndan bizim i\u00e7in en de\u011ferli ve k\u0131ymetli \u015fahsiyetlerden birini an\u0131yor olmak \u00e7ok \u00f6nemli. \u00d6zay G\u00f6nl\u00fcm\u2019\u00fcn sadece Denizli\u2019ye de\u011fil, D\u00fcnya k\u00fclt\u00fcr\u00fcne de bir miras oldu\u011funu hepimiz biliyoruz. \u00d6zay G\u00f6nl\u00fcm\u2019\u00fc ya\u015fatma noktas\u0131nda elimizden ne geliyorsa yapmaya devam edece\u011fiz. Biz inan\u0131yoruz ki k\u00fclt\u00fcrlerimize sahip \u00e7\u0131k\u0131p ya\u015fatabilirsek gelecek g\u00fczel g\u00fcnlerde mutlulu\u011fumuz daha da artacak&#8221; ifadelerini kulland\u0131.<br \/><\/p>\n","protected":false},"excerpt":{"rendered":"<p>Denizli\u2019nin yeti\u015ftirdi\u011fi T\u00fcrk Halk M\u00fczi\u011fi\u2019nin unutulmaz usta ismi \u00d6zay G\u00f6nl\u00fcm, vefat\u0131n\u0131n 25\u2019inci y\u0131l\u0131nda Denizli B\u00fcy\u00fck\u015fehir Belediyesi taraf\u0131ndan d\u00fczenlenen bir anma program\u0131yla y\u00e2d edildi. Denizli B\u00fcy\u00fck\u015fehir Belediyesi taraf\u0131ndan d\u00fczenlenen &#8220;\u00d6zay G\u00f6nl\u00fcm 25. Y\u0131l Anma Program\u0131&#8221;, Cumartesi ak\u015fam\u0131 Nihat Zeybekci Kongre ve K\u00fclt\u00fcr Merkezi\u2019nde ve sanat\u00e7\u0131n\u0131n ad\u0131n\u0131 ta\u015f\u0131yan \u00d6zay G\u00f6nl\u00fcm Salonu\u2019nda b\u00fcy\u00fck bir kat\u0131l\u0131mla ger\u00e7ekle\u015fti. T\u00fcrk Halk&#8230;<\/p>\n","protected":false},"author":1,"featured_media":23544,"comment_status":"open","ping_status":"open","sticky":false,"template":"","format":"standard","meta":{"_crdt_document":"","footnotes":""},"categories":[1],"tags":[],"class_list":["post-23543","post","type-post","status-publish","format-standard","has-post-thumbnail","hentry","category-guncel"],"_links":{"self":[{"href":"https:\/\/www.egemtv.com\/index.php?rest_route=\/wp\/v2\/posts\/23543","targetHints":{"allow":["GET"]}}],"collection":[{"href":"https:\/\/www.egemtv.com\/index.php?rest_route=\/wp\/v2\/posts"}],"about":[{"href":"https:\/\/www.egemtv.com\/index.php?rest_route=\/wp\/v2\/types\/post"}],"author":[{"embeddable":true,"href":"https:\/\/www.egemtv.com\/index.php?rest_route=\/wp\/v2\/users\/1"}],"replies":[{"embeddable":true,"href":"https:\/\/www.egemtv.com\/index.php?rest_route=%2Fwp%2Fv2%2Fcomments&post=23543"}],"version-history":[{"count":1,"href":"https:\/\/www.egemtv.com\/index.php?rest_route=\/wp\/v2\/posts\/23543\/revisions"}],"predecessor-version":[{"id":23545,"href":"https:\/\/www.egemtv.com\/index.php?rest_route=\/wp\/v2\/posts\/23543\/revisions\/23545"}],"wp:featuredmedia":[{"embeddable":true,"href":"https:\/\/www.egemtv.com\/index.php?rest_route=\/wp\/v2\/media\/23544"}],"wp:attachment":[{"href":"https:\/\/www.egemtv.com\/index.php?rest_route=%2Fwp%2Fv2%2Fmedia&parent=23543"}],"wp:term":[{"taxonomy":"category","embeddable":true,"href":"https:\/\/www.egemtv.com\/index.php?rest_route=%2Fwp%2Fv2%2Fcategories&post=23543"},{"taxonomy":"post_tag","embeddable":true,"href":"https:\/\/www.egemtv.com\/index.php?rest_route=%2Fwp%2Fv2%2Ftags&post=23543"}],"curies":[{"name":"wp","href":"https:\/\/api.w.org\/{rel}","templated":true}]}}