{"id":23540,"date":"2025-03-02T16:06:54","date_gmt":"2025-03-02T13:06:54","guid":{"rendered":"https:\/\/www.egemtv.com\/?p=23540"},"modified":"2025-03-02T16:06:58","modified_gmt":"2025-03-02T13:06:58","slug":"baskan-zencirci-iftarda-vatandaslara-incir-ikraminda-bulundu","status":"publish","type":"post","link":"https:\/\/www.egemtv.com\/?p=23540","title":{"rendered":"Ba\u015fkan Zencirci iftarda vatanda\u015flara incir ikram\u0131nda bulundu"},"content":{"rendered":"<p>Ayd\u0131n B\u00fcy\u00fck\u015fehir Belediyesi taraf\u0131ndan Germencik H\u0131d\u0131rbeyli Mahallesi\u2019nde verilen iftar yeme\u011fine kat\u0131lan Germencik Belediye Ba\u015fkan\u0131 Burak Zencirci vatanda\u015flara incir ikram etti.<\/p>\n<p>Ayd\u0131n B\u00fcy\u00fck\u015fehir Belediyesi taraf\u0131ndan kentin d\u00f6rt bir yan\u0131nda kurulan iftar sofralar\u0131ndan biri de Germencik\u2019in H\u0131d\u0131rbeyli Mahallesi\u2019nde kuruldu. \u0130ftar yeme\u011fine kat\u0131lan Germencik Belediye Ba\u015fkan\u0131 Burak Zencirci vatanda\u015flarla tek tek selamla\u015farak oru\u00e7lar\u0131n\u0131 a\u00e7malar\u0131 i\u00e7in incir ikram\u0131nda bulundu. Sosyal medya hesab\u0131ndan yapt\u0131\u011f\u0131 Ramazan ay\u0131 tebrik mesaj\u0131nda orucu incir ile a\u00e7ma tavsiyesinde bulunan ve incir ile ilgili yapt\u0131\u011f\u0131 \u00e7al\u0131\u015fmalarla vatanda\u015flar\u0131n takdirini toplayan Ba\u015fkan Zencirci, &#8220;Oru\u00e7lar\u0131m\u0131z\u0131 incirle a\u00e7al\u0131m, hem halk\u0131m\u0131z hem \u00fclkemiz kazans\u0131n&#8221; dedi.<\/p>\n<p>\u0130ncirin d\u00fcnyadaki en k\u0131ymetli tar\u0131m \u00fcr\u00fcnlerinden birisi oldu\u011funu belirten Ba\u015fkan Zencirci, &#8220;\u0130\u00e7eri\u011fiyle vitamin, mineral deposu. Ramazan ay\u0131nda \u00f6zellikle hurma yerine incir t\u00fcketelim. Hem sa\u011fl\u0131\u011f\u0131m\u0131z\u0131 korur, hem milli ekonomiyi destekler hem de \u00fcreticilerimizin yan\u0131nda olmu\u015f oluruz&#8221; ifadelerini kulland\u0131.<br \/><\/p>\n","protected":false},"excerpt":{"rendered":"<p>Ayd\u0131n B\u00fcy\u00fck\u015fehir Belediyesi taraf\u0131ndan Germencik H\u0131d\u0131rbeyli Mahallesi\u2019nde verilen iftar yeme\u011fine kat\u0131lan Germencik Belediye Ba\u015fkan\u0131 Burak Zencirci vatanda\u015flara incir ikram etti. Ayd\u0131n B\u00fcy\u00fck\u015fehir Belediyesi taraf\u0131ndan kentin d\u00f6rt bir yan\u0131nda kurulan iftar sofralar\u0131ndan biri de Germencik\u2019in H\u0131d\u0131rbeyli Mahallesi\u2019nde kuruldu. \u0130ftar yeme\u011fine kat\u0131lan Germencik Belediye Ba\u015fkan\u0131 Burak Zencirci vatanda\u015flarla tek tek selamla\u015farak oru\u00e7lar\u0131n\u0131 a\u00e7malar\u0131 i\u00e7in incir ikram\u0131nda bulundu&#8230;.<\/p>\n","protected":false},"author":1,"featured_media":23541,"comment_status":"open","ping_status":"open","sticky":false,"template":"","format":"standard","meta":{"_crdt_document":"","footnotes":""},"categories":[1],"tags":[],"class_list":["post-23540","post","type-post","status-publish","format-standard","has-post-thumbnail","hentry","category-guncel"],"_links":{"self":[{"href":"https:\/\/www.egemtv.com\/index.php?rest_route=\/wp\/v2\/posts\/23540","targetHints":{"allow":["GET"]}}],"collection":[{"href":"https:\/\/www.egemtv.com\/index.php?rest_route=\/wp\/v2\/posts"}],"about":[{"href":"https:\/\/www.egemtv.com\/index.php?rest_route=\/wp\/v2\/types\/post"}],"author":[{"embeddable":true,"href":"https:\/\/www.egemtv.com\/index.php?rest_route=\/wp\/v2\/users\/1"}],"replies":[{"embeddable":true,"href":"https:\/\/www.egemtv.com\/index.php?rest_route=%2Fwp%2Fv2%2Fcomments&post=23540"}],"version-history":[{"count":1,"href":"https:\/\/www.egemtv.com\/index.php?rest_route=\/wp\/v2\/posts\/23540\/revisions"}],"predecessor-version":[{"id":23542,"href":"https:\/\/www.egemtv.com\/index.php?rest_route=\/wp\/v2\/posts\/23540\/revisions\/23542"}],"wp:featuredmedia":[{"embeddable":true,"href":"https:\/\/www.egemtv.com\/index.php?rest_route=\/wp\/v2\/media\/23541"}],"wp:attachment":[{"href":"https:\/\/www.egemtv.com\/index.php?rest_route=%2Fwp%2Fv2%2Fmedia&parent=23540"}],"wp:term":[{"taxonomy":"category","embeddable":true,"href":"https:\/\/www.egemtv.com\/index.php?rest_route=%2Fwp%2Fv2%2Fcategories&post=23540"},{"taxonomy":"post_tag","embeddable":true,"href":"https:\/\/www.egemtv.com\/index.php?rest_route=%2Fwp%2Fv2%2Ftags&post=23540"}],"curies":[{"name":"wp","href":"https:\/\/api.w.org\/{rel}","templated":true}]}}