{"id":23537,"date":"2025-03-02T16:06:50","date_gmt":"2025-03-02T13:06:50","guid":{"rendered":"https:\/\/www.egemtv.com\/?p=23537"},"modified":"2025-03-02T16:06:54","modified_gmt":"2025-03-02T13:06:54","slug":"denizli-buyuksehirden-ramazan-boyunca-cocuklara-eglence","status":"publish","type":"post","link":"https:\/\/www.egemtv.com\/?p=23537","title":{"rendered":"Denizli B\u00fcy\u00fck\u015fehirden Ramazan boyunca \u00e7ocuklara e\u011flence"},"content":{"rendered":"<p>Ramazan ay\u0131nda \u00e7ocuklar\u0131n doyas\u0131ya e\u011flenmesi i\u00e7in birbirinden g\u00fczel etkinlikler haz\u0131rlayan Denizli B\u00fcy\u00fck\u015fehir Belediyesi, ilk iftar\u0131n ard\u0131ndan \u00e7ocuk \u015fenliklerine ba\u015flad\u0131.<\/p>\n<p>Denizli B\u00fcy\u00fck\u015fehir Belediyesi\u2019nin Ramazan ay\u0131na \u00f6zel haz\u0131rlad\u0131\u011f\u0131 &#8220;11 Ay\u0131n Sultan\u0131 Ramazan Etkinlikleri&#8221;, Nihat Zeybekci Kongre ve K\u00fclt\u00fcr Merkezi Fuaye Alan\u0131\u2019nda ger\u00e7ekle\u015ftirilen \u00e7ocuk e\u011flenceleri ile ba\u015flad\u0131. Miniklerin b\u00fcy\u00fck ilgi g\u00f6sterdi\u011fi etkinlikler, renkli g\u00f6r\u00fcnt\u00fclere sahne oldu. Etkinliklerde kukla g\u00f6sterisi, Karag\u00f6z-Hacivat g\u00f6lge oyunu, meddah g\u00f6sterisi, \u00e7ocuk tiyatrosu, planetaryum g\u00f6sterisi, sihirbaz g\u00f6sterisi, \u0130bi\u015f ile Memi\u015f ve A\u015fuk ile Ma\u015fuk g\u00f6sterileri sahnelenirken e\u011flenceli g\u00f6sterilere \u00e7ocuklar kadar aileler de b\u00fcy\u00fck ilgi g\u00f6sterdi. Planetaryum g\u00f6sterisiyle \u00e7ocuklar uzay\u0131 ke\u015ffederken, y\u00fcz boyama etkinlikleri, \u015fi\u015fme oyun alanlar\u0131 ve geleneksel ah\u015fap oyunlarla keyifli vakit ge\u00e7irdiler.<\/p>\n<p>Denizli B\u00fcy\u00fck\u015fehir Belediyesi taraf\u0131ndan d\u00fczenlenen \u00e7ocuk e\u011flenceleri, Ramazan ay\u0131 boyunca her g\u00fcn hafta i\u00e7i 17.00-21.00, hafta sonu 10.00-21.00 saatleri aras\u0131nda devam edecek. Geleneksel oyunlar, animasyon g\u00f6sterileri ve s\u00fcrpriz etkinliklerle \u00e7ocuklar i\u00e7in dopdolu bir Ramazan program\u0131 sunulacak. Ayr\u0131ca etkinlikler belirli tarihlerde Denizli\u2019nin di\u011fer il\u00e7elerinde de ger\u00e7ekle\u015ftirilecek.<br \/><\/p>\n","protected":false},"excerpt":{"rendered":"<p>Ramazan ay\u0131nda \u00e7ocuklar\u0131n doyas\u0131ya e\u011flenmesi i\u00e7in birbirinden g\u00fczel etkinlikler haz\u0131rlayan Denizli B\u00fcy\u00fck\u015fehir Belediyesi, ilk iftar\u0131n ard\u0131ndan \u00e7ocuk \u015fenliklerine ba\u015flad\u0131. Denizli B\u00fcy\u00fck\u015fehir Belediyesi\u2019nin Ramazan ay\u0131na \u00f6zel haz\u0131rlad\u0131\u011f\u0131 &#8220;11 Ay\u0131n Sultan\u0131 Ramazan Etkinlikleri&#8221;, Nihat Zeybekci Kongre ve K\u00fclt\u00fcr Merkezi Fuaye Alan\u0131\u2019nda ger\u00e7ekle\u015ftirilen \u00e7ocuk e\u011flenceleri ile ba\u015flad\u0131. Miniklerin b\u00fcy\u00fck ilgi g\u00f6sterdi\u011fi etkinlikler, renkli g\u00f6r\u00fcnt\u00fclere sahne oldu. Etkinliklerde kukla&#8230;<\/p>\n","protected":false},"author":1,"featured_media":23538,"comment_status":"open","ping_status":"open","sticky":false,"template":"","format":"standard","meta":{"_crdt_document":"","footnotes":""},"categories":[1],"tags":[],"class_list":["post-23537","post","type-post","status-publish","format-standard","has-post-thumbnail","hentry","category-guncel"],"_links":{"self":[{"href":"https:\/\/www.egemtv.com\/index.php?rest_route=\/wp\/v2\/posts\/23537","targetHints":{"allow":["GET"]}}],"collection":[{"href":"https:\/\/www.egemtv.com\/index.php?rest_route=\/wp\/v2\/posts"}],"about":[{"href":"https:\/\/www.egemtv.com\/index.php?rest_route=\/wp\/v2\/types\/post"}],"author":[{"embeddable":true,"href":"https:\/\/www.egemtv.com\/index.php?rest_route=\/wp\/v2\/users\/1"}],"replies":[{"embeddable":true,"href":"https:\/\/www.egemtv.com\/index.php?rest_route=%2Fwp%2Fv2%2Fcomments&post=23537"}],"version-history":[{"count":1,"href":"https:\/\/www.egemtv.com\/index.php?rest_route=\/wp\/v2\/posts\/23537\/revisions"}],"predecessor-version":[{"id":23539,"href":"https:\/\/www.egemtv.com\/index.php?rest_route=\/wp\/v2\/posts\/23537\/revisions\/23539"}],"wp:featuredmedia":[{"embeddable":true,"href":"https:\/\/www.egemtv.com\/index.php?rest_route=\/wp\/v2\/media\/23538"}],"wp:attachment":[{"href":"https:\/\/www.egemtv.com\/index.php?rest_route=%2Fwp%2Fv2%2Fmedia&parent=23537"}],"wp:term":[{"taxonomy":"category","embeddable":true,"href":"https:\/\/www.egemtv.com\/index.php?rest_route=%2Fwp%2Fv2%2Fcategories&post=23537"},{"taxonomy":"post_tag","embeddable":true,"href":"https:\/\/www.egemtv.com\/index.php?rest_route=%2Fwp%2Fv2%2Ftags&post=23537"}],"curies":[{"name":"wp","href":"https:\/\/api.w.org\/{rel}","templated":true}]}}