{"id":23519,"date":"2025-03-02T14:28:01","date_gmt":"2025-03-02T11:28:01","guid":{"rendered":"https:\/\/www.egemtv.com\/?p=23519"},"modified":"2025-03-02T14:28:06","modified_gmt":"2025-03-02T11:28:06","slug":"bayrakliya-yeni-spor-tesisi","status":"publish","type":"post","link":"https:\/\/www.egemtv.com\/?p=23519","title":{"rendered":"Bayrakl\u0131\u2019ya yeni spor tesisi"},"content":{"rendered":"<p>Bayrakl\u0131 Belediyesi, Borsa Futbol Sahas\u0131 ve yan\u0131ndaki \u015eenay Ayb\u00fcke Yal\u00e7\u0131n Park\u0131\u2019n\u0131 yenilemek ve daha da g\u00fczelle\u015ftirmek i\u00e7in \u00e7al\u0131\u015fmalara ba\u015flad\u0131.<br \/>\n<br \/>Bayrakl\u0131 Belediyesi, \u0130zmir B\u00fcy\u00fck\u015fehir Belediyesi i\u015f birli\u011fiyle il\u00e7eye yeni bir spor tesisi daha kazand\u0131rmak i\u00e7in \u00e7al\u0131\u015fmalar\u0131n\u0131 h\u0131zland\u0131rd\u0131. Refik \u015eevket \u0130nce Mahallesi\u2019nde uzun zamand\u0131r kullan\u0131\u015fs\u0131z olan Borsa Futbol Sahas\u0131 ve yan\u0131ndaki \u015eenay Ayb\u00fcke Yal\u00e7\u0131n Park\u0131, \u00e7al\u0131\u015fmalar kapsam\u0131nda ba\u015ftan sona de\u011fi\u015ftiriliyor. Yeni bir hal\u0131 saha, dinlenme alanlar\u0131, y\u00fcr\u00fcy\u00fc\u015f yollar\u0131 ve park ile birlikte b\u00f6lge, il\u00e7enin yeni sosyal ya\u015fam alanlar\u0131ndan biri haline gelecek. Ba\u015fkan \u0130rfan \u00d6nal, &#8220;Bayrakl\u0131 Belediyesi olarak vatanda\u015flar\u0131m\u0131z\u0131n sosyal ve sportif aktivitelere eri\u015fimini art\u0131rarak il\u00e7enin ya\u015fam kalitesini y\u00fckseltmeyi hedefliyoruz. Bu do\u011frultuda \u00e7al\u0131\u015f\u0131mlar\u0131m\u0131za devam ediyoruz&#8221; dedi. Bayrakl\u0131 Belediyesi, 24 mahallenin tamam\u0131nda il\u00e7eye yeni modern sosyal ve spor alanlar\u0131 kazand\u0131rmak i\u00e7in \u00e7al\u0131\u015fmalar\u0131n\u0131 s\u00fcrd\u00fcr\u00fcyor. Bu kapsamda Refik \u015eevket \u0130nce Mahallesi\u2019ndeki Borsa Futbol sahas\u0131n\u0131n oldu\u011fu b\u00f6lgede at\u0131l halde bulunan alan \u0130zmir B\u00fcy\u00fck\u015fehir Belediyesi i\u015f birli\u011fiyle spor kompleksi ve sosyal ya\u015fam alan\u0131na d\u00f6n\u00fc\u015ft\u00fcr\u00fcl\u00fcyor. Bayrakl\u0131 Belediyesi Fen \u0130\u015fleri M\u00fcd\u00fcrl\u00fc\u011f\u00fc taraf\u0131ndan y\u00fcr\u00fct\u00fclen projeye, \u0130zmir B\u00fcy\u00fck\u015fehir Belediyesi de dolgu \u00e7al\u0131\u015fmalar\u0131yla destek veriyor. \u00c7al\u0131\u015fmalar tamamland\u0131\u011f\u0131nda, b\u00f6lge halk\u0131 hal\u0131 saha, basketbol sahas\u0131, voleybol sahas\u0131 ve y\u00fcr\u00fcy\u00fc\u015f yollar\u0131 gibi bir\u00e7ok imkana kavu\u015facak.<\/p>\n<p>\u015eenay Ayb\u00fcke Yal\u00e7\u0131n Park\u0131 yenileniyor<br \/>\n<br \/>Bayrakl\u0131 Belediyesi, proje kapsam\u0131nda sahan\u0131n yan\u0131nda bulunan parkta da yenileme \u00e7al\u0131\u015fmalar\u0131 yapacak. \u015eenay Ayb\u00fcke Yal\u00e7\u0131n Park\u0131\u2019n\u0131n peyzaj d\u00fczenlemesi yenilenecek, mevcut ye\u015fil alanlar\u0131 korunarak alana yeni bitki t\u00fcrleri ekilecek.<\/p>\n<p>&#8220;Sa\u011fl\u0131kl\u0131, g\u00fcvenli, konforlu spor ve sosyal alanlar sunmak i\u00e7in \u00e7al\u0131\u015f\u0131yoruz&#8221;<br \/>\n<br \/>Bayrakl\u0131 Belediye Ba\u015fkan\u0131 \u0130rfan \u00d6nal, &#8220;Bayrakl\u0131 Belediyesi olarak, il\u00e7emizin her k\u00f6\u015fesine de\u011fer katacak projelerle vatanda\u015flar\u0131m\u0131za daha sa\u011fl\u0131kl\u0131, g\u00fcvenli, konforlu spor ve sosyal alanlar sunmak i\u00e7in \u00e7al\u0131\u015f\u0131yoruz. Bu projelerle, sadece spor alanlar\u0131 in\u015fa etmiyoruz ayn\u0131 zamanda vatanda\u015flar\u0131m\u0131z\u0131n ya\u015fam kalitesini de y\u00fckseltmeyi hedefliyoruz. Gen\u00e7lerimizin spor yaparak sa\u011fl\u0131kl\u0131 bir \u015fekilde geli\u015fimini desteklerken, ailelerimizin de keyifli vakit ge\u00e7irebilece\u011fi modern alanlar olu\u015fturuyoruz. Refik \u015eevket \u0130nce Mahallemizdeki spor kompleksi ve \u015eenay Ayb\u00fcke Yal\u00e7\u0131n Park\u0131\u2019ndaki yenileme \u00e7al\u0131\u015fmalar\u0131, b\u00f6lge halk\u0131m\u0131z\u0131n sosyal ya\u015fam\u0131na canl\u0131l\u0131k katacak. B\u00fcy\u00fck\u015fehir Belediyemize desteklerinden dolay\u0131 te\u015fekk\u00fcr ederiz&#8221; dedi.<br \/><\/p>\n","protected":false},"excerpt":{"rendered":"<p>Bayrakl\u0131 Belediyesi, Borsa Futbol Sahas\u0131 ve yan\u0131ndaki \u015eenay Ayb\u00fcke Yal\u00e7\u0131n Park\u0131\u2019n\u0131 yenilemek ve daha da g\u00fczelle\u015ftirmek i\u00e7in \u00e7al\u0131\u015fmalara ba\u015flad\u0131. Bayrakl\u0131 Belediyesi, \u0130zmir B\u00fcy\u00fck\u015fehir Belediyesi i\u015f birli\u011fiyle il\u00e7eye yeni bir spor tesisi daha kazand\u0131rmak i\u00e7in \u00e7al\u0131\u015fmalar\u0131n\u0131 h\u0131zland\u0131rd\u0131. Refik \u015eevket \u0130nce Mahallesi\u2019nde uzun zamand\u0131r kullan\u0131\u015fs\u0131z olan Borsa Futbol Sahas\u0131 ve yan\u0131ndaki \u015eenay Ayb\u00fcke Yal\u00e7\u0131n Park\u0131, \u00e7al\u0131\u015fmalar kapsam\u0131nda&#8230;<\/p>\n","protected":false},"author":1,"featured_media":23520,"comment_status":"open","ping_status":"open","sticky":false,"template":"","format":"standard","meta":{"_crdt_document":"","footnotes":""},"categories":[4],"tags":[],"class_list":["post-23519","post","type-post","status-publish","format-standard","has-post-thumbnail","hentry","category-spor"],"_links":{"self":[{"href":"https:\/\/www.egemtv.com\/index.php?rest_route=\/wp\/v2\/posts\/23519","targetHints":{"allow":["GET"]}}],"collection":[{"href":"https:\/\/www.egemtv.com\/index.php?rest_route=\/wp\/v2\/posts"}],"about":[{"href":"https:\/\/www.egemtv.com\/index.php?rest_route=\/wp\/v2\/types\/post"}],"author":[{"embeddable":true,"href":"https:\/\/www.egemtv.com\/index.php?rest_route=\/wp\/v2\/users\/1"}],"replies":[{"embeddable":true,"href":"https:\/\/www.egemtv.com\/index.php?rest_route=%2Fwp%2Fv2%2Fcomments&post=23519"}],"version-history":[{"count":1,"href":"https:\/\/www.egemtv.com\/index.php?rest_route=\/wp\/v2\/posts\/23519\/revisions"}],"predecessor-version":[{"id":23521,"href":"https:\/\/www.egemtv.com\/index.php?rest_route=\/wp\/v2\/posts\/23519\/revisions\/23521"}],"wp:featuredmedia":[{"embeddable":true,"href":"https:\/\/www.egemtv.com\/index.php?rest_route=\/wp\/v2\/media\/23520"}],"wp:attachment":[{"href":"https:\/\/www.egemtv.com\/index.php?rest_route=%2Fwp%2Fv2%2Fmedia&parent=23519"}],"wp:term":[{"taxonomy":"category","embeddable":true,"href":"https:\/\/www.egemtv.com\/index.php?rest_route=%2Fwp%2Fv2%2Fcategories&post=23519"},{"taxonomy":"post_tag","embeddable":true,"href":"https:\/\/www.egemtv.com\/index.php?rest_route=%2Fwp%2Fv2%2Ftags&post=23519"}],"curies":[{"name":"wp","href":"https:\/\/api.w.org\/{rel}","templated":true}]}}