{"id":23516,"date":"2025-03-02T14:27:56","date_gmt":"2025-03-02T11:27:56","guid":{"rendered":"https:\/\/www.egemtv.com\/?p=23516"},"modified":"2025-03-02T14:28:01","modified_gmt":"2025-03-02T11:28:01","slug":"guzelbahce-belediyesinden-evlere-iftar-servisi","status":"publish","type":"post","link":"https:\/\/www.egemtv.com\/?p=23516","title":{"rendered":"G\u00fczelbah\u00e7e Belediyesinden evlere iftar servisi"},"content":{"rendered":"<p>On bir ay\u0131n sultan\u0131 Ramazan\u2019\u0131n ba\u015flamas\u0131yla payla\u015f\u0131m ve dayan\u0131\u015fman\u0131n \u00f6rne\u011fi G\u00fczelbah\u00e7e\u2019de ya\u015fan\u0131yor. G\u00fczelbah\u00e7e Belediyesi, iftar sofras\u0131n\u0131 yaln\u0131z ya\u015fayan 65 ya\u015f \u00fcst\u00fc ve ihtiya\u00e7 sahibi vatanda\u015flar\u0131n evine ula\u015ft\u0131r\u0131yor.<br \/>\n<br \/>11 ay\u0131n sultan\u0131 Ramazan\u2019\u0131n ba\u015flamas\u0131yla G\u00fczelbah\u00e7e Belediyesi, G\u00fczelbah\u00e7e Toplum Etkinlik Merkezinde ilk iftar yeme\u011fini verdi. Belediyenin kendi imkanlar\u0131yla yapm\u0131\u015f oldu\u011fu a\u015fevinden Ramazan ay\u0131 boyunca her g\u00fcn 600\u2019den fazla insana iftar yeme\u011fi verilecek. Ayr\u0131ca 65 ya\u015f ve \u00fcst\u00fc evinde tek ya\u015fayan ailelere her g\u00fcn yemek g\u00f6t\u00fcr\u00fclecek.<\/p>\n<p>\u2018Payla\u015fman\u0131n ve bereketin ay\u0131 Ramazan\u2019<br \/>\n<br \/>Payla\u015fman\u0131n ve bereketin en \u00f6nemli ay\u0131nda olduklar\u0131n\u0131 s\u00f6yleyen G\u00fczelbah\u00e7e Belediye Ba\u015fkan\u0131 Mustafa G\u00fcnay, &#8220;Ramazan ay\u0131n\u0131n ba\u015flamas\u0131yla iftar yeme\u011fimizde halk\u0131m\u0131zla bir araya gelerek ilk iftar\u0131m\u0131z\u0131 a\u00e7t\u0131k. G\u00fczelbah\u00e7e Belediyesi, Ramazan ay\u0131n\u0131n birlik ve beraberlik ruhunu ya\u015fatmak amac\u0131yla her g\u00fcn iftar\u0131m\u0131z\u0131 burada verece\u011fiz. Bu m\u00fcbarek ayda bir arada olman\u0131n, ayn\u0131 sofrada bulu\u015fman\u0131n mutlulu\u011funu ya\u015f\u0131yoruz. Ramazan, g\u00f6n\u00fclleri birle\u015ftirmek, ihtiya\u00e7 sahiplerini hat\u0131rlamak ve dayan\u0131\u015fmay\u0131 g\u00fc\u00e7lendirmektir. G\u00fczelbah\u00e7e Belediyesi olarak, bu anlay\u0131\u015fla vatanda\u015flar\u0131m\u0131zla ayn\u0131 sofrada bir araday\u0131z. Her g\u00fcn 600\u2019den fazla vatanda\u015f\u0131m\u0131za yemek \u00e7\u0131kacak \u015fekilde a\u015fevimizde yemek yapaca\u011f\u0131z. 3 mahallemizden servislerle merkezimize vatanda\u015flara hizmet sa\u011fl\u0131yoruz. Her g\u00fcn, evinde yaln\u0131z ya\u015fayan ve yoksul ailelerimize de evlerine yemek g\u00f6t\u00fcr\u00fcyoruz. Her g\u00fcn 60 ile 70 ailemizi ziyaret ederek evlerine s\u0131cak yemek g\u00f6t\u00fcr\u00fcyoruz. Bu hizmeti Ramazan ay\u0131 bittikten sonra da \u00f6zellikle evinde yaln\u0131z ya\u015fayan vatanda\u015flar\u0131m\u0131za her g\u00fcn \u00f6\u011flen ve ak\u015fam olmak \u00fczere iki sefer yemek da\u011f\u0131taca\u011f\u0131z. Vatanda\u015flar\u0131m\u0131z\u0131 bu konuda yaln\u0131z b\u0131rakmayaca\u011f\u0131z. Her zaman yanlar\u0131nda olmaya devam edece\u011fiz. \u0130\u00e7inde bulundu\u011fumuz bu g\u00fczel ay\u0131n huzur, sa\u011fl\u0131k ve mutluluk getirmesini temenni ediyorum. G\u00fczelbah\u00e7e\u2019de sevgi ve dayan\u0131\u015fma i\u00e7inde nice Ramazanlar ya\u015famay\u0131 diliyorum&#8221; ifadelerini kulland\u0131.<br \/>\n<br \/>G\u00fczelbah\u00e7e Belediyesi\u2019nin d\u00fczenledi\u011fi iftar program\u0131, dualar e\u015fli\u011finde a\u00e7\u0131lan oru\u00e7lar\u0131n ard\u0131ndan sohbet ve birliktelik duygusuyla sona erdi. Belediye, Ramazan ay\u0131 boyunca dayan\u0131\u015fmay\u0131 art\u0131rmak ad\u0131na \u00e7e\u015fitli sosyal yard\u0131mlar yapmaya devam edecek.<br \/>\n<br \/>\u0130ftar yeme\u011fine, G\u00fczelbah\u00e7e Kaymakam\u0131 B\u00fclent Bayraktar, G\u00fczelbah\u00e7e Belediye Ba\u015fkan\u0131 Mustafa G\u00fcnay ile e\u015fi Nermin G\u00fcnay, belediye meclis \u00fcyeleri ve vatanda\u015flar kat\u0131ld\u0131.<br \/><\/p>\n","protected":false},"excerpt":{"rendered":"<p>On bir ay\u0131n sultan\u0131 Ramazan\u2019\u0131n ba\u015flamas\u0131yla payla\u015f\u0131m ve dayan\u0131\u015fman\u0131n \u00f6rne\u011fi G\u00fczelbah\u00e7e\u2019de ya\u015fan\u0131yor. G\u00fczelbah\u00e7e Belediyesi, iftar sofras\u0131n\u0131 yaln\u0131z ya\u015fayan 65 ya\u015f \u00fcst\u00fc ve ihtiya\u00e7 sahibi vatanda\u015flar\u0131n evine ula\u015ft\u0131r\u0131yor. 11 ay\u0131n sultan\u0131 Ramazan\u2019\u0131n ba\u015flamas\u0131yla G\u00fczelbah\u00e7e Belediyesi, G\u00fczelbah\u00e7e Toplum Etkinlik Merkezinde ilk iftar yeme\u011fini verdi. Belediyenin kendi imkanlar\u0131yla yapm\u0131\u015f oldu\u011fu a\u015fevinden Ramazan ay\u0131 boyunca her g\u00fcn 600\u2019den fazla&#8230;<\/p>\n","protected":false},"author":1,"featured_media":23517,"comment_status":"open","ping_status":"open","sticky":false,"template":"","format":"standard","meta":{"_crdt_document":"","footnotes":""},"categories":[123],"tags":[],"class_list":["post-23516","post","type-post","status-publish","format-standard","has-post-thumbnail","hentry","category-gundem"],"_links":{"self":[{"href":"https:\/\/www.egemtv.com\/index.php?rest_route=\/wp\/v2\/posts\/23516","targetHints":{"allow":["GET"]}}],"collection":[{"href":"https:\/\/www.egemtv.com\/index.php?rest_route=\/wp\/v2\/posts"}],"about":[{"href":"https:\/\/www.egemtv.com\/index.php?rest_route=\/wp\/v2\/types\/post"}],"author":[{"embeddable":true,"href":"https:\/\/www.egemtv.com\/index.php?rest_route=\/wp\/v2\/users\/1"}],"replies":[{"embeddable":true,"href":"https:\/\/www.egemtv.com\/index.php?rest_route=%2Fwp%2Fv2%2Fcomments&post=23516"}],"version-history":[{"count":1,"href":"https:\/\/www.egemtv.com\/index.php?rest_route=\/wp\/v2\/posts\/23516\/revisions"}],"predecessor-version":[{"id":23518,"href":"https:\/\/www.egemtv.com\/index.php?rest_route=\/wp\/v2\/posts\/23516\/revisions\/23518"}],"wp:featuredmedia":[{"embeddable":true,"href":"https:\/\/www.egemtv.com\/index.php?rest_route=\/wp\/v2\/media\/23517"}],"wp:attachment":[{"href":"https:\/\/www.egemtv.com\/index.php?rest_route=%2Fwp%2Fv2%2Fmedia&parent=23516"}],"wp:term":[{"taxonomy":"category","embeddable":true,"href":"https:\/\/www.egemtv.com\/index.php?rest_route=%2Fwp%2Fv2%2Fcategories&post=23516"},{"taxonomy":"post_tag","embeddable":true,"href":"https:\/\/www.egemtv.com\/index.php?rest_route=%2Fwp%2Fv2%2Ftags&post=23516"}],"curies":[{"name":"wp","href":"https:\/\/api.w.org\/{rel}","templated":true}]}}