{"id":23513,"date":"2025-03-02T14:06:00","date_gmt":"2025-03-02T11:06:00","guid":{"rendered":"https:\/\/www.egemtv.com\/?p=23513"},"modified":"2025-03-02T14:06:05","modified_gmt":"2025-03-02T11:06:05","slug":"yunusemrede-ilk-iftar-sofrasi-karakoyde-kuruldu","status":"publish","type":"post","link":"https:\/\/www.egemtv.com\/?p=23513","title":{"rendered":"Yunusemre\u2019de ilk iftar sofras\u0131 Karak\u00f6y\u2019de kuruldu"},"content":{"rendered":"<p>Yunusemre Belediyesi, Manisa B\u00fcy\u00fck\u015fehir Belediyesi\u2019nin katk\u0131lar\u0131yla Karak\u00f6y\u2019de ilk iftar sofras\u0131 kuruldu. Ramazan ay\u0131n\u0131n ilk iftar\u0131nda vatanda\u015flarla bir araya gelen Yunusemre Belediye Ba\u015fkan\u0131 Semih Balaban, &#8220;Ramazan ay\u0131 boyunca halk\u0131m\u0131zla iftar sofralar\u0131nda bulu\u015fmaya devam edece\u011fiz&#8221; dedi.<br \/>\n<br \/>Ramazan ay\u0131n\u0131n ilk g\u00fcn\u00fcnde Yunusemre Belediyesi, Manisa B\u00fcy\u00fck\u015fehir Belediyesi\u2019nin katk\u0131lar\u0131yla Karak\u00f6y Pazaryeri\u2019nde iftar program\u0131 d\u00fczenledi. Programda Yunusemre Belediye Ba\u015fkan\u0131 Semih Balaban, vatanda\u015flarla iftar sofras\u0131nda bir araya geldi. Ahmet Aksoy hocan\u0131n duas\u0131n\u0131n ard\u0131ndan, Ba\u015fkan Balaban, vatanda\u015flarla birlikte iftar\u0131n\u0131 a\u00e7t\u0131. Belediye Ba\u015fkan\u0131 Balaban, Ramazan ay\u0131 boyunca farkl\u0131 mahallelerdeki iftar sofralar\u0131nda da halkla bir araya geleceklerini ifade etti.<\/p>\n<p>Ramazan ay\u0131 boyunca iftar sofralar\u0131 kurulacak<br \/>\n<br \/>Yunusemre Belediye Ba\u015fkan\u0131 Semih Balaban, &#8220;Manisa B\u00fcy\u00fck\u015fehir Belediye Ba\u015fkan\u0131m\u0131z Ferdi Zeyrek\u2019in katk\u0131lar\u0131yla ilk iftar sofram\u0131z\u0131 Karak\u00f6y\u2019de kurduk. Halk\u0131m\u0131zla birlikte lokmam\u0131z\u0131 payla\u015ft\u0131k. Yunusemre Belediyesi olarak, Ramazan ay\u0131n\u0131n ruhuna uygun etkinlikler d\u00fczenleyerek vatanda\u015flar\u0131m\u0131zla bir araya geliyoruz. Ramazan boyunca farkl\u0131 mahallelerde iftar sofralar\u0131 kuraca\u011f\u0131z. Ayr\u0131ca, konserler, ilahiler, orta oyunlar\u0131 ve \u00e7e\u015fitli g\u00f6sterilerle halk\u0131m\u0131za g\u00fczel bir Ramazan ay\u0131 ya\u015fataca\u011f\u0131z&#8221; dedi. Etkinlikler kapsam\u0131nda Hacivat ve Karag\u00f6z g\u00f6sterisi de yap\u0131ld\u0131. G\u00f6steri, vatanda\u015flar taraf\u0131ndan b\u00fcy\u00fck be\u011feniyle izlendi.<br \/><\/p>\n","protected":false},"excerpt":{"rendered":"<p>Yunusemre Belediyesi, Manisa B\u00fcy\u00fck\u015fehir Belediyesi\u2019nin katk\u0131lar\u0131yla Karak\u00f6y\u2019de ilk iftar sofras\u0131 kuruldu. Ramazan ay\u0131n\u0131n ilk iftar\u0131nda vatanda\u015flarla bir araya gelen Yunusemre Belediye Ba\u015fkan\u0131 Semih Balaban, &#8220;Ramazan ay\u0131 boyunca halk\u0131m\u0131zla iftar sofralar\u0131nda bulu\u015fmaya devam edece\u011fiz&#8221; dedi. Ramazan ay\u0131n\u0131n ilk g\u00fcn\u00fcnde Yunusemre Belediyesi, Manisa B\u00fcy\u00fck\u015fehir Belediyesi\u2019nin katk\u0131lar\u0131yla Karak\u00f6y Pazaryeri\u2019nde iftar program\u0131 d\u00fczenledi. Programda Yunusemre Belediye Ba\u015fkan\u0131 Semih Balaban,&#8230;<\/p>\n","protected":false},"author":1,"featured_media":23514,"comment_status":"open","ping_status":"open","sticky":false,"template":"","format":"standard","meta":{"_crdt_document":"","footnotes":""},"categories":[1],"tags":[],"class_list":["post-23513","post","type-post","status-publish","format-standard","has-post-thumbnail","hentry","category-guncel"],"_links":{"self":[{"href":"https:\/\/www.egemtv.com\/index.php?rest_route=\/wp\/v2\/posts\/23513","targetHints":{"allow":["GET"]}}],"collection":[{"href":"https:\/\/www.egemtv.com\/index.php?rest_route=\/wp\/v2\/posts"}],"about":[{"href":"https:\/\/www.egemtv.com\/index.php?rest_route=\/wp\/v2\/types\/post"}],"author":[{"embeddable":true,"href":"https:\/\/www.egemtv.com\/index.php?rest_route=\/wp\/v2\/users\/1"}],"replies":[{"embeddable":true,"href":"https:\/\/www.egemtv.com\/index.php?rest_route=%2Fwp%2Fv2%2Fcomments&post=23513"}],"version-history":[{"count":1,"href":"https:\/\/www.egemtv.com\/index.php?rest_route=\/wp\/v2\/posts\/23513\/revisions"}],"predecessor-version":[{"id":23515,"href":"https:\/\/www.egemtv.com\/index.php?rest_route=\/wp\/v2\/posts\/23513\/revisions\/23515"}],"wp:featuredmedia":[{"embeddable":true,"href":"https:\/\/www.egemtv.com\/index.php?rest_route=\/wp\/v2\/media\/23514"}],"wp:attachment":[{"href":"https:\/\/www.egemtv.com\/index.php?rest_route=%2Fwp%2Fv2%2Fmedia&parent=23513"}],"wp:term":[{"taxonomy":"category","embeddable":true,"href":"https:\/\/www.egemtv.com\/index.php?rest_route=%2Fwp%2Fv2%2Fcategories&post=23513"},{"taxonomy":"post_tag","embeddable":true,"href":"https:\/\/www.egemtv.com\/index.php?rest_route=%2Fwp%2Fv2%2Ftags&post=23513"}],"curies":[{"name":"wp","href":"https:\/\/api.w.org\/{rel}","templated":true}]}}