{"id":23510,"date":"2025-03-02T14:05:57","date_gmt":"2025-03-02T11:05:57","guid":{"rendered":"https:\/\/www.egemtv.com\/?p=23510"},"modified":"2025-03-02T14:06:00","modified_gmt":"2025-03-02T11:06:00","slug":"emcellinin-ata-tohumu-biberi-toprakla-bulustu","status":"publish","type":"post","link":"https:\/\/www.egemtv.com\/?p=23510","title":{"rendered":"Emcelli\u2019nin ata tohumu biberi toprakla bulu\u015ftu"},"content":{"rendered":"<p>Manisa\u2019n\u0131n Sar\u0131g\u00f6l il\u00e7esine ba\u011fl\u0131 Emcelli Mahallesi\u2019nde as\u0131rlard\u0131r yeti\u015ftirilen tatl\u0131 ve ac\u0131 biberlerin tohumlar\u0131 toprakla bulu\u015ftu.<br \/>\n<br \/>Emcelli biberlerinin mahallede yeti\u015ftirilmesinin 150 y\u0131l\u0131 a\u015ft\u0131\u011f\u0131n\u0131 belirten Emcelli Mahallesi Muhtar\u0131 Sezai K\u00fc\u00e7\u00fck\u00f6zkan, &#8220;Mahallemizde yeti\u015ftirilen ve bize \u00f6zg\u00fc bir biber t\u00fcr\u00fc olan Emcelli biberleri i\u00e7in ge\u00e7ti\u011fimiz y\u0131llarda co\u011frafi marka patentini ald\u0131k. Biberlerin \u00f6zelli\u011fi, ac\u0131 ve tatl\u0131 olu\u015funun ayr\u0131 bir lezzeti olmas\u0131d\u0131r. Ac\u0131 biberlerimiz koyu ye\u015fildir ve mideyi rahats\u0131z etmez. Yemeklerde ve salatalarda, tur\u015fuluk olarak ve bolla\u015ft\u0131\u011f\u0131nda k\u0131\u015fl\u0131k kurutmal\u0131k olarak de\u011ferlendirilir. Tohumlar\u0131m\u0131z\u0131 her y\u0131l \u00fcretti\u011fimiz biberlerden almaktay\u0131z. Tek s\u0131k\u0131nt\u0131m\u0131z, biberlerimizi yeti\u015ftirenlerin say\u0131s\u0131n\u0131n azalmas\u0131d\u0131r. Her yerde \u00fcz\u00fcm dikilmeye ba\u015flanm\u0131\u015f olmas\u0131, biber \u00fcretiminin azalmas\u0131na neden olmaktad\u0131r.&#8221; dedi.<\/p>\n<p>Emcelli biberleri toprakla bulu\u015ftu<br \/>\n<br \/>Sar\u0131g\u00f6l\u2019\u00fcn Emcelli Mahallesi\u2019nde sebze \u00fcretimi yapan \u00e7ift\u00e7i H\u00fcseyin Karc\u0131 ise \u015funlar\u0131 s\u00f6yledi: &#8220;Emcelli biberlerimizin ata tohumunu her y\u0131l yeti\u015ftirdi\u011fimiz biberlerin tohumlar\u0131ndan alarak yeni mahsul i\u00e7in saklar\u0131z. Bu ayda ald\u0131\u011f\u0131m\u0131z tohumlar\u0131 haz\u0131rlad\u0131\u011f\u0131m\u0131z alana ekerek fidan olana kadar bekleriz. Dikilecek b\u00fcy\u00fckl\u00fc\u011fe gelince fideleri buradan alarak nisan sonu ve may\u0131s ay\u0131n\u0131n ilk haftas\u0131nda sebze bah\u00e7emize dikeriz. Haziran sonu ve temmuz ay\u0131n\u0131n ilk haftas\u0131nda pazarlarda satmaya ba\u015flar\u0131z. Ancak serada yap\u0131l\u0131rsa haziran ay\u0131nda da erken sat\u0131\u015flar ba\u015flar.&#8221;<\/p>\n<p>&#8220;Emcelli Biberleri Ege B\u00f6lgesi\u2019nde olduk\u00e7a \u00fcnl\u00fc&#8221;<br \/>\n<br \/>Bir bu\u00e7uk asr\u0131 a\u015fk\u0131n zamand\u0131r yeti\u015ftirilen Emcelli biberleri, ac\u0131s\u0131yla tatl\u0131s\u0131yla Ege B\u00f6lgesi\u2019nin her yerinde bilinen biberlerden birisi olarak dikkat \u00e7ekiyor. Koyu ye\u015fil rengi, etli olmas\u0131 ve ac\u0131s\u0131n\u0131n mideye zarar vermemesi nedeniyle aranan bir biber t\u00fcr\u00fc olarak bilinen Emcellli Biberleri \u00f6zellikle mangal ate\u015finde ayr\u0131 bir lezzet \u00f6zelli\u011fine sahip oluyor.<br \/><\/p>\n","protected":false},"excerpt":{"rendered":"<p>Manisa\u2019n\u0131n Sar\u0131g\u00f6l il\u00e7esine ba\u011fl\u0131 Emcelli Mahallesi\u2019nde as\u0131rlard\u0131r yeti\u015ftirilen tatl\u0131 ve ac\u0131 biberlerin tohumlar\u0131 toprakla bulu\u015ftu. Emcelli biberlerinin mahallede yeti\u015ftirilmesinin 150 y\u0131l\u0131 a\u015ft\u0131\u011f\u0131n\u0131 belirten Emcelli Mahallesi Muhtar\u0131 Sezai K\u00fc\u00e7\u00fck\u00f6zkan, &#8220;Mahallemizde yeti\u015ftirilen ve bize \u00f6zg\u00fc bir biber t\u00fcr\u00fc olan Emcelli biberleri i\u00e7in ge\u00e7ti\u011fimiz y\u0131llarda co\u011frafi marka patentini ald\u0131k. Biberlerin \u00f6zelli\u011fi, ac\u0131 ve tatl\u0131 olu\u015funun ayr\u0131 bir lezzeti&#8230;<\/p>\n","protected":false},"author":1,"featured_media":23511,"comment_status":"open","ping_status":"open","sticky":false,"template":"","format":"standard","meta":{"_crdt_document":"","footnotes":""},"categories":[125],"tags":[],"class_list":["post-23510","post","type-post","status-publish","format-standard","has-post-thumbnail","hentry","category-ekonomi"],"_links":{"self":[{"href":"https:\/\/www.egemtv.com\/index.php?rest_route=\/wp\/v2\/posts\/23510","targetHints":{"allow":["GET"]}}],"collection":[{"href":"https:\/\/www.egemtv.com\/index.php?rest_route=\/wp\/v2\/posts"}],"about":[{"href":"https:\/\/www.egemtv.com\/index.php?rest_route=\/wp\/v2\/types\/post"}],"author":[{"embeddable":true,"href":"https:\/\/www.egemtv.com\/index.php?rest_route=\/wp\/v2\/users\/1"}],"replies":[{"embeddable":true,"href":"https:\/\/www.egemtv.com\/index.php?rest_route=%2Fwp%2Fv2%2Fcomments&post=23510"}],"version-history":[{"count":1,"href":"https:\/\/www.egemtv.com\/index.php?rest_route=\/wp\/v2\/posts\/23510\/revisions"}],"predecessor-version":[{"id":23512,"href":"https:\/\/www.egemtv.com\/index.php?rest_route=\/wp\/v2\/posts\/23510\/revisions\/23512"}],"wp:featuredmedia":[{"embeddable":true,"href":"https:\/\/www.egemtv.com\/index.php?rest_route=\/wp\/v2\/media\/23511"}],"wp:attachment":[{"href":"https:\/\/www.egemtv.com\/index.php?rest_route=%2Fwp%2Fv2%2Fmedia&parent=23510"}],"wp:term":[{"taxonomy":"category","embeddable":true,"href":"https:\/\/www.egemtv.com\/index.php?rest_route=%2Fwp%2Fv2%2Fcategories&post=23510"},{"taxonomy":"post_tag","embeddable":true,"href":"https:\/\/www.egemtv.com\/index.php?rest_route=%2Fwp%2Fv2%2Ftags&post=23510"}],"curies":[{"name":"wp","href":"https:\/\/api.w.org\/{rel}","templated":true}]}}