{"id":23492,"date":"2025-03-02T12:50:53","date_gmt":"2025-03-02T09:50:53","guid":{"rendered":"https:\/\/www.egemtv.com\/?p=23492"},"modified":"2025-03-02T12:50:56","modified_gmt":"2025-03-02T09:50:56","slug":"ege-denizinde-firtina-uyarisi-2","status":"publish","type":"post","link":"https:\/\/www.egemtv.com\/?p=23492","title":{"rendered":"Ege Denizi\u2019nde f\u0131rt\u0131na uyar\u0131s\u0131"},"content":{"rendered":"<p>Ege Denizi\u2019nde r\u00fczgar\u0131n yar\u0131n ak\u015fam saatlerinden itibaren f\u0131rt\u0131na \u015feklinde esmesi beklenirken, meteoroloji f\u0131rt\u0131na konusunda uyar\u0131larda bulundu.<\/p>\n<p>Meteoroloji 2. B\u00f6lge M\u00fcd\u00fcrl\u00fc\u011f\u00fc B\u00f6lge Tahmin ve Erken Uyar\u0131 Merkezi\u2019nden yap\u0131lan a\u00e7\u0131klamada, &#8220;G\u00fcney Ege\u2019de r\u00fczgar\u0131n, yar\u0131n (Pazartesi) ak\u015fam saatlerinden sonra kuzey ve kuzeydo\u011fudan 6 ila 8 kuvvetinde (50-75 km\/saat) f\u0131rt\u0131na \u015feklinde esece\u011fi tahmin ediliyor. F\u0131rt\u0131nan\u0131n 04.03.2025 Sal\u0131 g\u00fcn\u00fc gece saatlerinde etkisini kaybetmesi beklenmektedir. Vatanda\u015flar\u0131m\u0131z\u0131n herhangi bir olumsuzlukla kar\u015f\u0131la\u015fmamalar\u0131 i\u00e7in dikkatli ve tedbirli olmalar\u0131 gerekmektedir&#8221; ifadelerine yer verildi.<br \/><\/p>\n","protected":false},"excerpt":{"rendered":"<p>Ege Denizi\u2019nde r\u00fczgar\u0131n yar\u0131n ak\u015fam saatlerinden itibaren f\u0131rt\u0131na \u015feklinde esmesi beklenirken, meteoroloji f\u0131rt\u0131na konusunda uyar\u0131larda bulundu. Meteoroloji 2. B\u00f6lge M\u00fcd\u00fcrl\u00fc\u011f\u00fc B\u00f6lge Tahmin ve Erken Uyar\u0131 Merkezi\u2019nden yap\u0131lan a\u00e7\u0131klamada, &#8220;G\u00fcney Ege\u2019de r\u00fczgar\u0131n, yar\u0131n (Pazartesi) ak\u015fam saatlerinden sonra kuzey ve kuzeydo\u011fudan 6 ila 8 kuvvetinde (50-75 km\/saat) f\u0131rt\u0131na \u015feklinde esece\u011fi tahmin ediliyor. F\u0131rt\u0131nan\u0131n 04.03.2025 Sal\u0131 g\u00fcn\u00fc gece&#8230;<\/p>\n","protected":false},"author":1,"featured_media":23493,"comment_status":"open","ping_status":"open","sticky":false,"template":"","format":"standard","meta":{"_crdt_document":"","footnotes":""},"categories":[1],"tags":[],"class_list":["post-23492","post","type-post","status-publish","format-standard","has-post-thumbnail","hentry","category-guncel"],"_links":{"self":[{"href":"https:\/\/www.egemtv.com\/index.php?rest_route=\/wp\/v2\/posts\/23492","targetHints":{"allow":["GET"]}}],"collection":[{"href":"https:\/\/www.egemtv.com\/index.php?rest_route=\/wp\/v2\/posts"}],"about":[{"href":"https:\/\/www.egemtv.com\/index.php?rest_route=\/wp\/v2\/types\/post"}],"author":[{"embeddable":true,"href":"https:\/\/www.egemtv.com\/index.php?rest_route=\/wp\/v2\/users\/1"}],"replies":[{"embeddable":true,"href":"https:\/\/www.egemtv.com\/index.php?rest_route=%2Fwp%2Fv2%2Fcomments&post=23492"}],"version-history":[{"count":1,"href":"https:\/\/www.egemtv.com\/index.php?rest_route=\/wp\/v2\/posts\/23492\/revisions"}],"predecessor-version":[{"id":23494,"href":"https:\/\/www.egemtv.com\/index.php?rest_route=\/wp\/v2\/posts\/23492\/revisions\/23494"}],"wp:featuredmedia":[{"embeddable":true,"href":"https:\/\/www.egemtv.com\/index.php?rest_route=\/wp\/v2\/media\/23493"}],"wp:attachment":[{"href":"https:\/\/www.egemtv.com\/index.php?rest_route=%2Fwp%2Fv2%2Fmedia&parent=23492"}],"wp:term":[{"taxonomy":"category","embeddable":true,"href":"https:\/\/www.egemtv.com\/index.php?rest_route=%2Fwp%2Fv2%2Fcategories&post=23492"},{"taxonomy":"post_tag","embeddable":true,"href":"https:\/\/www.egemtv.com\/index.php?rest_route=%2Fwp%2Fv2%2Ftags&post=23492"}],"curies":[{"name":"wp","href":"https:\/\/api.w.org\/{rel}","templated":true}]}}