{"id":23489,"date":"2025-03-02T12:50:49","date_gmt":"2025-03-02T09:50:49","guid":{"rendered":"https:\/\/www.egemtv.com\/?p=23489"},"modified":"2025-03-02T12:50:53","modified_gmt":"2025-03-02T09:50:53","slug":"fethiyede-evde-cikan-yanginda-olen-kari-koca-yan-yana-defnedildi","status":"publish","type":"post","link":"https:\/\/www.egemtv.com\/?p=23489","title":{"rendered":"Fethiye\u2019de evde \u00e7\u0131kan yang\u0131nda \u00f6len kar\u0131 koca yan yana defnedildi"},"content":{"rendered":"<p>Mu\u011fla\u2019n\u0131n Fethiye il\u00e7esinde evde \u00e7\u0131kan yang\u0131nda ya\u015fam\u0131n\u0131 yitiren kar\u0131 koca yan yana topra\u011fa verildi.<br \/>\n<br \/>\u0130l\u00e7eye ba\u011fl\u0131 Nif Mahallesi\u2019nde d\u00fcn Murat (83) ve Naciye Ekiz (81) \u00e7iftinin tek katl\u0131 m\u00fcstakil evinde yang\u0131n \u00e7\u0131km\u0131\u015f, ya\u015fl\u0131 \u00e7ift hayat\u0131n\u0131 kaybetmi\u015fti.<br \/>\n<br \/>Ya\u015fl\u0131 \u00e7iftin cenazeleri, Eski Cami\u2019de k\u0131l\u0131nan namaz\u0131n ard\u0131ndan Merkez Mezarl\u0131\u011f\u0131na defnedildi. Yan yana son yolculuklar\u0131na u\u011furlanan ya\u015fl\u0131 \u00e7iftin cenaze t\u00f6renine, \u00e7ok say\u0131da vatanda\u015f kat\u0131ld\u0131.<br \/><\/p>\n","protected":false},"excerpt":{"rendered":"<p>Mu\u011fla\u2019n\u0131n Fethiye il\u00e7esinde evde \u00e7\u0131kan yang\u0131nda ya\u015fam\u0131n\u0131 yitiren kar\u0131 koca yan yana topra\u011fa verildi. \u0130l\u00e7eye ba\u011fl\u0131 Nif Mahallesi\u2019nde d\u00fcn Murat (83) ve Naciye Ekiz (81) \u00e7iftinin tek katl\u0131 m\u00fcstakil evinde yang\u0131n \u00e7\u0131km\u0131\u015f, ya\u015fl\u0131 \u00e7ift hayat\u0131n\u0131 kaybetmi\u015fti. Ya\u015fl\u0131 \u00e7iftin cenazeleri, Eski Cami\u2019de k\u0131l\u0131nan namaz\u0131n ard\u0131ndan Merkez Mezarl\u0131\u011f\u0131na defnedildi. Yan yana son yolculuklar\u0131na u\u011furlanan ya\u015fl\u0131 \u00e7iftin cenaze&#8230;<\/p>\n","protected":false},"author":1,"featured_media":23490,"comment_status":"open","ping_status":"open","sticky":false,"template":"","format":"standard","meta":{"_crdt_document":"","footnotes":""},"categories":[5],"tags":[],"class_list":["post-23489","post","type-post","status-publish","format-standard","has-post-thumbnail","hentry","category-asayis"],"_links":{"self":[{"href":"https:\/\/www.egemtv.com\/index.php?rest_route=\/wp\/v2\/posts\/23489","targetHints":{"allow":["GET"]}}],"collection":[{"href":"https:\/\/www.egemtv.com\/index.php?rest_route=\/wp\/v2\/posts"}],"about":[{"href":"https:\/\/www.egemtv.com\/index.php?rest_route=\/wp\/v2\/types\/post"}],"author":[{"embeddable":true,"href":"https:\/\/www.egemtv.com\/index.php?rest_route=\/wp\/v2\/users\/1"}],"replies":[{"embeddable":true,"href":"https:\/\/www.egemtv.com\/index.php?rest_route=%2Fwp%2Fv2%2Fcomments&post=23489"}],"version-history":[{"count":1,"href":"https:\/\/www.egemtv.com\/index.php?rest_route=\/wp\/v2\/posts\/23489\/revisions"}],"predecessor-version":[{"id":23491,"href":"https:\/\/www.egemtv.com\/index.php?rest_route=\/wp\/v2\/posts\/23489\/revisions\/23491"}],"wp:featuredmedia":[{"embeddable":true,"href":"https:\/\/www.egemtv.com\/index.php?rest_route=\/wp\/v2\/media\/23490"}],"wp:attachment":[{"href":"https:\/\/www.egemtv.com\/index.php?rest_route=%2Fwp%2Fv2%2Fmedia&parent=23489"}],"wp:term":[{"taxonomy":"category","embeddable":true,"href":"https:\/\/www.egemtv.com\/index.php?rest_route=%2Fwp%2Fv2%2Fcategories&post=23489"},{"taxonomy":"post_tag","embeddable":true,"href":"https:\/\/www.egemtv.com\/index.php?rest_route=%2Fwp%2Fv2%2Ftags&post=23489"}],"curies":[{"name":"wp","href":"https:\/\/api.w.org\/{rel}","templated":true}]}}