{"id":23486,"date":"2025-03-02T12:06:31","date_gmt":"2025-03-02T09:06:31","guid":{"rendered":"https:\/\/www.egemtv.com\/?p=23486"},"modified":"2025-03-02T12:06:35","modified_gmt":"2025-03-02T09:06:35","slug":"baskan-doganca-basarili-sporculari-agirladi","status":"publish","type":"post","link":"https:\/\/www.egemtv.com\/?p=23486","title":{"rendered":"Ba\u015fkan Do\u011fanca ba\u015far\u0131l\u0131 sporcular\u0131 a\u011f\u0131rlad\u0131"},"content":{"rendered":"<p>Ayd\u0131n\u2019da okul sporlar\u0131 ma\u00e7lar\u0131nda 4 birincilik kazanan Kuyucak Belediyespor Taekwondo Tak\u0131m\u0131 sporcular\u0131, Tak\u0131m Antren\u00f6r\u00fc Denizhan Gezgin Kuyucak Belediye Ba\u015fkan\u0131 U\u011fur Do\u011fanca\u2019y\u0131 makam\u0131nda ziyaret etti.<\/p>\n<p>Kuyucak Belediyespor Taekwondo Tak\u0131m\u0131 Antren\u00f6r\u00fc Denizhan Gezgin ve sporcular; Ecrin Baykara, Nejla \u0130nceo\u011flu, Ay\u015fe Ecrin Aks\u00f6yek ile Mete T\u00fcrke\u015f Kuyucak Belediye Ba\u015fkan\u0131 U\u011fur Do\u011fanca\u2019y\u0131 makam\u0131nda ziyaret etti. Ziyaretten dolay\u0131 duydu\u011fu memnuniyeti dile getiren Belediye Ba\u015fkan\u0131 U\u011fur Do\u011fanca, &#8220;Antren\u00f6r\u00fcm\u00fcz ve sporcular\u0131m\u0131za nazik ziyaretleri i\u00e7in kendilerine te\u015fekk\u00fcr ederim. Sporcular\u0131m\u0131z, Taekwondo Ayd\u0131n \u0130l Birincili\u011fi m\u00fcsabakalar\u0131na damga vurdu. Okul Sporlar\u0131 ma\u00e7lar\u0131nda 4 birincilik kazanan sporcular\u0131m\u0131z, Ayd\u0131n\u2019daki t\u00fcm okullar\u0131 geride b\u0131rakarak ilk s\u0131raya yerle\u015fti. Sporcular\u0131m\u0131z, K\u00fctahya\u2019da yap\u0131lacak olan Taekwondo yar\u0131 final m\u00fcsabakalar\u0131nda ilimizi temsil edecek. Kendilerine ba\u015far\u0131lar diliyorum&#8221; dedi.<br \/><\/p>\n","protected":false},"excerpt":{"rendered":"<p>Ayd\u0131n\u2019da okul sporlar\u0131 ma\u00e7lar\u0131nda 4 birincilik kazanan Kuyucak Belediyespor Taekwondo Tak\u0131m\u0131 sporcular\u0131, Tak\u0131m Antren\u00f6r\u00fc Denizhan Gezgin Kuyucak Belediye Ba\u015fkan\u0131 U\u011fur Do\u011fanca\u2019y\u0131 makam\u0131nda ziyaret etti. Kuyucak Belediyespor Taekwondo Tak\u0131m\u0131 Antren\u00f6r\u00fc Denizhan Gezgin ve sporcular; Ecrin Baykara, Nejla \u0130nceo\u011flu, Ay\u015fe Ecrin Aks\u00f6yek ile Mete T\u00fcrke\u015f Kuyucak Belediye Ba\u015fkan\u0131 U\u011fur Do\u011fanca\u2019y\u0131 makam\u0131nda ziyaret etti. Ziyaretten dolay\u0131 duydu\u011fu memnuniyeti&#8230;<\/p>\n","protected":false},"author":1,"featured_media":23487,"comment_status":"open","ping_status":"open","sticky":false,"template":"","format":"standard","meta":{"_crdt_document":"","footnotes":""},"categories":[1],"tags":[],"class_list":["post-23486","post","type-post","status-publish","format-standard","has-post-thumbnail","hentry","category-guncel"],"_links":{"self":[{"href":"https:\/\/www.egemtv.com\/index.php?rest_route=\/wp\/v2\/posts\/23486","targetHints":{"allow":["GET"]}}],"collection":[{"href":"https:\/\/www.egemtv.com\/index.php?rest_route=\/wp\/v2\/posts"}],"about":[{"href":"https:\/\/www.egemtv.com\/index.php?rest_route=\/wp\/v2\/types\/post"}],"author":[{"embeddable":true,"href":"https:\/\/www.egemtv.com\/index.php?rest_route=\/wp\/v2\/users\/1"}],"replies":[{"embeddable":true,"href":"https:\/\/www.egemtv.com\/index.php?rest_route=%2Fwp%2Fv2%2Fcomments&post=23486"}],"version-history":[{"count":1,"href":"https:\/\/www.egemtv.com\/index.php?rest_route=\/wp\/v2\/posts\/23486\/revisions"}],"predecessor-version":[{"id":23488,"href":"https:\/\/www.egemtv.com\/index.php?rest_route=\/wp\/v2\/posts\/23486\/revisions\/23488"}],"wp:featuredmedia":[{"embeddable":true,"href":"https:\/\/www.egemtv.com\/index.php?rest_route=\/wp\/v2\/media\/23487"}],"wp:attachment":[{"href":"https:\/\/www.egemtv.com\/index.php?rest_route=%2Fwp%2Fv2%2Fmedia&parent=23486"}],"wp:term":[{"taxonomy":"category","embeddable":true,"href":"https:\/\/www.egemtv.com\/index.php?rest_route=%2Fwp%2Fv2%2Fcategories&post=23486"},{"taxonomy":"post_tag","embeddable":true,"href":"https:\/\/www.egemtv.com\/index.php?rest_route=%2Fwp%2Fv2%2Ftags&post=23486"}],"curies":[{"name":"wp","href":"https:\/\/api.w.org\/{rel}","templated":true}]}}