{"id":23447,"date":"2025-03-02T01:06:26","date_gmt":"2025-03-01T22:06:26","guid":{"rendered":"https:\/\/www.egemtv.com\/?p=23447"},"modified":"2025-03-02T01:06:31","modified_gmt":"2025-03-01T22:06:31","slug":"alasehir-kizilaydan-350-kisilik-iftar","status":"publish","type":"post","link":"https:\/\/www.egemtv.com\/?p=23447","title":{"rendered":"Ala\u015fehir K\u0131z\u0131lay\u2019dan 350 ki\u015filik iftar"},"content":{"rendered":"<p>Ala\u015fehir T\u00fcrk K\u0131z\u0131lay Derne\u011fi taraf\u0131ndan Ramazan ay\u0131 boyunca her g\u00fcn 350 ki\u015filik iftar yeme\u011fi verilecek. Ramazan\u0131n ilk g\u00fcn\u00fcyle ba\u015flayan iftar program\u0131na Ala\u015fehir Belediyesi de \u00e7ay ve servis hizmetiyle destek veriyor.<br \/>\n<br \/>Ala\u015fehir Cumhuriyet ve Demokrasi Meydan\u0131\u2019na kurulan K\u0131z\u0131lay \u00e7ad\u0131r\u0131nda Ramazan boyunca 350 ki\u015fiye iftar verilecek. K\u0131z\u0131lay \u00e7ad\u0131r\u0131n\u0131n hemen yan\u0131na yerle\u015ftirilen Ala\u015fehir Belediyesi ikram arac\u0131 da her g\u00fcn iftar sonras\u0131 \u00e7ay ikram\u0131nda bulunacak. \u0130ftar yemeklerinde her g\u00fcn K\u0131z\u0131lay g\u00f6n\u00fcll\u00fcleri hizmet verecekler. \u0130lk g\u00fcn iftar\u0131 K\u0131z\u0131lay g\u00f6n\u00fcll\u00fcs\u00fc Ay\u015fe Tuna\u2019n\u0131n dualar\u0131yla a\u00e7\u0131ld\u0131. Vatanda\u015flar K\u0131z\u0131lay\u2019a te\u015fekk\u00fcr ederek, &#8220;Allah raz\u0131 olsun&#8221; dedi.<br \/>\n<br \/>Ala\u015fehir T\u00fcrk K\u0131z\u0131lay Derne\u011fi Ba\u015fkan\u0131 Nedim Yamak, &#8220;Ala\u015fehir T\u00fcrk K\u0131z\u0131lay olarak Cumhuriyet ve Demokrasi Meydan\u0131\u2019nda kurdu\u011fumuz iftar \u00e7ad\u0131r\u0131nda ba\u011f\u0131\u015f\u00e7\u0131lar\u0131m\u0131z\u0131n deste\u011fi ile her g\u00fcn 350 ki\u015filik yemek verece\u011fiz. \u0130ftar yemeklerinde personellerimizin yan\u0131 s\u0131ra g\u00f6n\u00fcll\u00fc \u00e7al\u0131\u015fanlar\u0131m\u0131z da yard\u0131mc\u0131 olacaklar. Ramazan ay\u0131 boyunca ba\u011f\u0131\u015flar\u0131 kabul edece\u011fiz, ba\u011f\u0131\u015fta bulunmak isteyen vatanda\u015flar\u0131m\u0131z derne\u011fimize ba\u015fvurabilirler.&#8221; dedi.<\/p>\n<p>Belediyeden \u00e7ay deste\u011fi ve servis hizmeti<br \/>\n<br \/>Ala\u015fehir Belediyesi iftar \u00e7ad\u0131r\u0131 \u00f6n\u00fcne koydu\u011fu ikram arac\u0131 ile Ramazan ay\u0131 boyunca K\u0131z\u0131lay\u2019\u0131n kurdu\u011fu \u00e7ad\u0131r \u00f6n\u00fcnde iftar sonras\u0131 vatanda\u015flara \u00e7ay ikram\u0131nda bulunacak. Ayr\u0131ca her g\u00fcn mahallere servis yaparak, minib\u00fcslerle iftara kat\u0131lmak isteyen vatanda\u015flara ta\u015f\u0131ma hizmeti verecek.<br \/><\/p>\n","protected":false},"excerpt":{"rendered":"<p>Ala\u015fehir T\u00fcrk K\u0131z\u0131lay Derne\u011fi taraf\u0131ndan Ramazan ay\u0131 boyunca her g\u00fcn 350 ki\u015filik iftar yeme\u011fi verilecek. Ramazan\u0131n ilk g\u00fcn\u00fcyle ba\u015flayan iftar program\u0131na Ala\u015fehir Belediyesi de \u00e7ay ve servis hizmetiyle destek veriyor. Ala\u015fehir Cumhuriyet ve Demokrasi Meydan\u0131\u2019na kurulan K\u0131z\u0131lay \u00e7ad\u0131r\u0131nda Ramazan boyunca 350 ki\u015fiye iftar verilecek. K\u0131z\u0131lay \u00e7ad\u0131r\u0131n\u0131n hemen yan\u0131na yerle\u015ftirilen Ala\u015fehir Belediyesi ikram arac\u0131 da her&#8230;<\/p>\n","protected":false},"author":1,"featured_media":23448,"comment_status":"open","ping_status":"open","sticky":false,"template":"","format":"standard","meta":{"_crdt_document":"","footnotes":""},"categories":[123],"tags":[],"class_list":["post-23447","post","type-post","status-publish","format-standard","has-post-thumbnail","hentry","category-gundem"],"_links":{"self":[{"href":"https:\/\/www.egemtv.com\/index.php?rest_route=\/wp\/v2\/posts\/23447","targetHints":{"allow":["GET"]}}],"collection":[{"href":"https:\/\/www.egemtv.com\/index.php?rest_route=\/wp\/v2\/posts"}],"about":[{"href":"https:\/\/www.egemtv.com\/index.php?rest_route=\/wp\/v2\/types\/post"}],"author":[{"embeddable":true,"href":"https:\/\/www.egemtv.com\/index.php?rest_route=\/wp\/v2\/users\/1"}],"replies":[{"embeddable":true,"href":"https:\/\/www.egemtv.com\/index.php?rest_route=%2Fwp%2Fv2%2Fcomments&post=23447"}],"version-history":[{"count":1,"href":"https:\/\/www.egemtv.com\/index.php?rest_route=\/wp\/v2\/posts\/23447\/revisions"}],"predecessor-version":[{"id":23449,"href":"https:\/\/www.egemtv.com\/index.php?rest_route=\/wp\/v2\/posts\/23447\/revisions\/23449"}],"wp:featuredmedia":[{"embeddable":true,"href":"https:\/\/www.egemtv.com\/index.php?rest_route=\/wp\/v2\/media\/23448"}],"wp:attachment":[{"href":"https:\/\/www.egemtv.com\/index.php?rest_route=%2Fwp%2Fv2%2Fmedia&parent=23447"}],"wp:term":[{"taxonomy":"category","embeddable":true,"href":"https:\/\/www.egemtv.com\/index.php?rest_route=%2Fwp%2Fv2%2Fcategories&post=23447"},{"taxonomy":"post_tag","embeddable":true,"href":"https:\/\/www.egemtv.com\/index.php?rest_route=%2Fwp%2Fv2%2Ftags&post=23447"}],"curies":[{"name":"wp","href":"https:\/\/api.w.org\/{rel}","templated":true}]}}