{"id":23444,"date":"2025-03-02T00:44:21","date_gmt":"2025-03-01T21:44:21","guid":{"rendered":"https:\/\/www.egemtv.com\/?p=23444"},"modified":"2025-03-02T00:44:25","modified_gmt":"2025-03-01T21:44:25","slug":"selendi-belediyespor-3-puani-4-golle-aldi","status":"publish","type":"post","link":"https:\/\/www.egemtv.com\/?p=23444","title":{"rendered":"Selendi Belediyespor 3 puan\u0131 4 golle ald\u0131"},"content":{"rendered":"<p>Manisa S\u00fcper Amat\u00f6r K\u00fcme Yusuf Bulut sezonu Salihli Grubunda d\u00fc\u015fme potas\u0131nda yer alan Selendi Belediyespor kendi gibi ayn\u0131 puanda bulunan rakibi Kapanc\u0131spor\u2019u 4-1 yenerek k\u00fcmede kalmak i\u00e7in umutland\u0131.<br \/>\n<br \/>Hasan Furkan Acar, Mehmet Cihan Bakkal, Elber Aslan hakem \u00fc\u00e7l\u00fcs\u00fcn\u00fcn y\u00f6netti\u011fi son s\u0131ralar\u0131 ilgilendiren \u00f6nemli ma\u00e7\u0131n galibi Selendi Belediyespor oldu. Selendi 3 Eyl\u00fcl \u015eehir Stad\u0131nda oynanan m\u00fcsabakaya Selendili sporseverler b\u00fcy\u00fck ilgi g\u00f6sterdi.<br \/>\n<br \/>Belediye Ba\u015fkan\u0131 Murat Daban\u2019\u0131n da izledi\u011fi ma\u00e7ta ilk gol rakip Kapanc\u0131spor\u2019dan geldi. 10. dakikada R\u0131za, Kapanc\u0131spor\u2019u deplasmanda 1-0 \u00f6ne ge\u00e7irdi. Bu gol\u00fcn ard\u0131ndan bask\u0131lar\u0131n\u0131 s\u00fcrd\u00fcren Selendi Belediyespor 18. dakikada Yusuf ile skoru 1-1\u2019e getirdi. \u0130lk yar\u0131 kar\u015f\u0131l\u0131kl\u0131 at\u0131lan goller ile 1-1 beraber tamamland\u0131. \u0130kinci yar\u0131ya bask\u0131l\u0131 ba\u015flayan Selendi Belediyespor dakikalar 80\u2019i g\u00f6sterdi\u011finde Ramazanla buldu\u011fu golle tak\u0131m\u0131n\u0131 2-1 \u00f6ne ge\u00e7irdi. Gol\u00fcn ard\u0131ndan 85. dakikada yine Ramazan sahneye \u00e7\u0131karak durumu 3-1\u2019e getirdi. Bu gol\u00fcn ard\u0131ndan seyirci ile a\u011f\u0131z m\u00fcnaka\u015fas\u0131na giren Kapanc\u0131sporlu Azat, hakem taraf\u0131ndan direkt k\u0131rm\u0131z\u0131 kart ile cezaland\u0131r\u0131l\u0131nca rakip tak\u0131m 10 ki\u015fi kald\u0131. Uzatmalar\u0131n son dakikas\u0131nda Selendi Belediyespor\u2019dan Abd\u00fcl Kadir orta sahadan ald\u0131\u011f\u0131 top ile kaleci Ali\u2019yi \u00e7al\u0131mlayarak tak\u0131m\u0131n\u0131n 4. gol\u00fcne imza att\u0131 ve kar\u015f\u0131la\u015fma ev sahibi Selendi Belediyespor\u2019un 4-1 galibiyetiyle tamamland\u0131.<br \/>\n<br \/>Selendi Belediyespor ald\u0131\u011f\u0131 3 puanla son s\u0131radan kurtularak puan\u0131n\u0131 11 yaparken rakibi Kapanc\u0131spor 8 puanda kald\u0131. Selendi Belediyespor ligde kalmak i\u00e7in b\u00fcy\u00fck bir avantaj yakalad\u0131.<br \/><\/p>\n","protected":false},"excerpt":{"rendered":"<p>Manisa S\u00fcper Amat\u00f6r K\u00fcme Yusuf Bulut sezonu Salihli Grubunda d\u00fc\u015fme potas\u0131nda yer alan Selendi Belediyespor kendi gibi ayn\u0131 puanda bulunan rakibi Kapanc\u0131spor\u2019u 4-1 yenerek k\u00fcmede kalmak i\u00e7in umutland\u0131. Hasan Furkan Acar, Mehmet Cihan Bakkal, Elber Aslan hakem \u00fc\u00e7l\u00fcs\u00fcn\u00fcn y\u00f6netti\u011fi son s\u0131ralar\u0131 ilgilendiren \u00f6nemli ma\u00e7\u0131n galibi Selendi Belediyespor oldu. Selendi 3 Eyl\u00fcl \u015eehir Stad\u0131nda oynanan m\u00fcsabakaya&#8230;<\/p>\n","protected":false},"author":1,"featured_media":23445,"comment_status":"open","ping_status":"open","sticky":false,"template":"","format":"standard","meta":{"_crdt_document":"","footnotes":""},"categories":[4],"tags":[],"class_list":["post-23444","post","type-post","status-publish","format-standard","has-post-thumbnail","hentry","category-spor"],"_links":{"self":[{"href":"https:\/\/www.egemtv.com\/index.php?rest_route=\/wp\/v2\/posts\/23444","targetHints":{"allow":["GET"]}}],"collection":[{"href":"https:\/\/www.egemtv.com\/index.php?rest_route=\/wp\/v2\/posts"}],"about":[{"href":"https:\/\/www.egemtv.com\/index.php?rest_route=\/wp\/v2\/types\/post"}],"author":[{"embeddable":true,"href":"https:\/\/www.egemtv.com\/index.php?rest_route=\/wp\/v2\/users\/1"}],"replies":[{"embeddable":true,"href":"https:\/\/www.egemtv.com\/index.php?rest_route=%2Fwp%2Fv2%2Fcomments&post=23444"}],"version-history":[{"count":1,"href":"https:\/\/www.egemtv.com\/index.php?rest_route=\/wp\/v2\/posts\/23444\/revisions"}],"predecessor-version":[{"id":23446,"href":"https:\/\/www.egemtv.com\/index.php?rest_route=\/wp\/v2\/posts\/23444\/revisions\/23446"}],"wp:featuredmedia":[{"embeddable":true,"href":"https:\/\/www.egemtv.com\/index.php?rest_route=\/wp\/v2\/media\/23445"}],"wp:attachment":[{"href":"https:\/\/www.egemtv.com\/index.php?rest_route=%2Fwp%2Fv2%2Fmedia&parent=23444"}],"wp:term":[{"taxonomy":"category","embeddable":true,"href":"https:\/\/www.egemtv.com\/index.php?rest_route=%2Fwp%2Fv2%2Fcategories&post=23444"},{"taxonomy":"post_tag","embeddable":true,"href":"https:\/\/www.egemtv.com\/index.php?rest_route=%2Fwp%2Fv2%2Ftags&post=23444"}],"curies":[{"name":"wp","href":"https:\/\/api.w.org\/{rel}","templated":true}]}}