{"id":23441,"date":"2025-03-02T00:04:55","date_gmt":"2025-03-01T21:04:55","guid":{"rendered":"https:\/\/www.egemtv.com\/?p=23441"},"modified":"2025-03-02T00:05:03","modified_gmt":"2025-03-01T21:05:03","slug":"minik-nazlinin-cenazesi-adli-tip-kurumuna-gonderildi","status":"publish","type":"post","link":"https:\/\/www.egemtv.com\/?p=23441","title":{"rendered":"Minik Nazl\u0131\u2019n\u0131n cenazesi Adli T\u0131p Kurumu\u2019na g\u00f6nderildi"},"content":{"rendered":"<p>Denizli\u2019de kaybolan ve dere yata\u011f\u0131nda \u00f6l\u00fc olarak bulunan 4 ya\u015f\u0131ndaki Nazl\u0131 \u015ee\u015fen\u2019in cans\u0131z bedeninde yap\u0131lan ilk incelemede darp veya yara izine rastlan\u0131lmad\u0131\u011f\u0131 belirtildi. Nazl\u0131\u2019n\u0131n cenazesi Adli T\u0131p Kurumu\u2019na g\u00f6nderilirken, kesin \u00f6l\u00fcm nedeni otopsinin ard\u0131ndan netlik kazanacak.<br \/>\n<br \/>Denizli\u2019nin Honaz il\u00e7esine ba\u011fl\u0131 Kocaba\u015f Mahallesi\u2019nde misafirli\u011fe gitti\u011fi kom\u015fusunun evinin \u00f6n\u00fcnde oyun oynarken kaybolan Nazl\u0131 \u015ee\u015fen\u2019in (4), Aksu Deresine d\u00fc\u015ft\u00fc\u011f\u00fc ihtimali \u00fczerine dere ve \u00e7evresinde arama \u00e7al\u0131\u015fmas\u0131 ba\u015flat\u0131ld\u0131. Minik Nazl\u0131\u2019n\u0131n kay\u0131p ihbar\u0131 ve istenilen destek talebi \u00fczerine AFAD, Denizli \u0130l Jandarma Komutanl\u0131\u011f\u0131, Denizli B\u00fcy\u00fck\u015fehir Belediyesi ve \u00e7evre illerden gelen takviye ekiplerle birlikte y\u00fczlerce ki\u015finin kat\u0131l\u0131m\u0131yla arama kurtarma \u00e7al\u0131\u015fmalar\u0131 ger\u00e7ekle\u015ftirildi.<br \/>\n<br \/>Denizli B\u00fcy\u00fck\u015fehir Belediyesi \u0130tfaiye Daire Ba\u015fkanl\u0131\u011f\u0131 su alt\u0131 arama kurtarma ekibi taraf\u0131ndan 23 saat aral\u0131ks\u0131z olarak yap\u0131lan \u00e7al\u0131\u015fmalarda 15 kilometrelik dere yata\u011f\u0131 didik didik arand\u0131. Ailesinin gelecek iyi bir haberi bekledi\u011fi minik Nazl\u0131, kay\u0131p ihbar\u0131n\u0131n ard\u0131ndan 1 g\u00fcn sonra bal\u0131k adamlar\u0131 taraf\u0131ndan  son g\u00f6r\u00fcld\u00fc\u011f\u00fc demir yolu k\u00f6pr\u00fcnden yakla\u015f\u0131k 5 kilometre uzakl\u0131ktaki K\u0131z\u0131lyer Mahallesi Damlar mevkiinde dere yata\u011f\u0131nda \u00f6l\u00fc olarak bulundu.<br \/>\n<br \/>Ekipler taraf\u0131ndan \u00e7\u0131kar\u0131lan sudan \u00e7\u0131kar\u0131lan minik Nazl\u0131\u2019n\u0131n cans\u0131z bedeninde yap\u0131lan ilk incelemelerde darp, yaralanma, kesici veya delici alet izine rastlan\u0131lmad\u0131\u011f\u0131 \u00f6\u011frenildi. Minik Nazl\u0131\u2019n\u0131n naa\u015f\u0131, savc\u0131l\u0131k incelemesinin ard\u0131ndan otopsi i\u00e7in Adli T\u0131p Kurumu Denizli Grup Ba\u015fkanl\u0131\u011f\u0131 morguna kald\u0131r\u0131ld\u0131. Nazl\u0131\u2019n\u0131n kesin \u00f6l\u00fcm nedeninin yap\u0131lacak otopsinin ard\u0131ndan netlik kazanaca\u011f\u0131 ifade edildi.<br \/><\/p>\n","protected":false},"excerpt":{"rendered":"<p>Denizli\u2019de kaybolan ve dere yata\u011f\u0131nda \u00f6l\u00fc olarak bulunan 4 ya\u015f\u0131ndaki Nazl\u0131 \u015ee\u015fen\u2019in cans\u0131z bedeninde yap\u0131lan ilk incelemede darp veya yara izine rastlan\u0131lmad\u0131\u011f\u0131 belirtildi. Nazl\u0131\u2019n\u0131n cenazesi Adli T\u0131p Kurumu\u2019na g\u00f6nderilirken, kesin \u00f6l\u00fcm nedeni otopsinin ard\u0131ndan netlik kazanacak. Denizli\u2019nin Honaz il\u00e7esine ba\u011fl\u0131 Kocaba\u015f Mahallesi\u2019nde misafirli\u011fe gitti\u011fi kom\u015fusunun evinin \u00f6n\u00fcnde oyun oynarken kaybolan Nazl\u0131 \u015ee\u015fen\u2019in (4), Aksu Deresine&#8230;<\/p>\n","protected":false},"author":1,"featured_media":23442,"comment_status":"open","ping_status":"open","sticky":false,"template":"","format":"standard","meta":{"_crdt_document":"","footnotes":""},"categories":[5],"tags":[],"class_list":["post-23441","post","type-post","status-publish","format-standard","has-post-thumbnail","hentry","category-asayis"],"_links":{"self":[{"href":"https:\/\/www.egemtv.com\/index.php?rest_route=\/wp\/v2\/posts\/23441","targetHints":{"allow":["GET"]}}],"collection":[{"href":"https:\/\/www.egemtv.com\/index.php?rest_route=\/wp\/v2\/posts"}],"about":[{"href":"https:\/\/www.egemtv.com\/index.php?rest_route=\/wp\/v2\/types\/post"}],"author":[{"embeddable":true,"href":"https:\/\/www.egemtv.com\/index.php?rest_route=\/wp\/v2\/users\/1"}],"replies":[{"embeddable":true,"href":"https:\/\/www.egemtv.com\/index.php?rest_route=%2Fwp%2Fv2%2Fcomments&post=23441"}],"version-history":[{"count":1,"href":"https:\/\/www.egemtv.com\/index.php?rest_route=\/wp\/v2\/posts\/23441\/revisions"}],"predecessor-version":[{"id":23443,"href":"https:\/\/www.egemtv.com\/index.php?rest_route=\/wp\/v2\/posts\/23441\/revisions\/23443"}],"wp:featuredmedia":[{"embeddable":true,"href":"https:\/\/www.egemtv.com\/index.php?rest_route=\/wp\/v2\/media\/23442"}],"wp:attachment":[{"href":"https:\/\/www.egemtv.com\/index.php?rest_route=%2Fwp%2Fv2%2Fmedia&parent=23441"}],"wp:term":[{"taxonomy":"category","embeddable":true,"href":"https:\/\/www.egemtv.com\/index.php?rest_route=%2Fwp%2Fv2%2Fcategories&post=23441"},{"taxonomy":"post_tag","embeddable":true,"href":"https:\/\/www.egemtv.com\/index.php?rest_route=%2Fwp%2Fv2%2Ftags&post=23441"}],"curies":[{"name":"wp","href":"https:\/\/api.w.org\/{rel}","templated":true}]}}