{"id":23438,"date":"2025-03-01T23:47:41","date_gmt":"2025-03-01T20:47:41","guid":{"rendered":"https:\/\/www.egemtv.com\/?p=23438"},"modified":"2025-03-01T23:47:45","modified_gmt":"2025-03-01T20:47:45","slug":"kusadasinda-silahli-kavga-1-olu-1-agir-yarali","status":"publish","type":"post","link":"https:\/\/www.egemtv.com\/?p=23438","title":{"rendered":"Ku\u015fadas\u0131\u2019nda silahl\u0131 kavga: 1 \u00f6l\u00fc, 1 a\u011f\u0131r yaral\u0131"},"content":{"rendered":"<p>Ayd\u0131n\u2019\u0131n Ku\u015fadas\u0131 il\u00e7esinde aralar\u0131nda husumet bulunan iki grup aras\u0131nda \u00e7\u0131kan silahl\u0131 kavgada 1 ki\u015fi \u00f6ld\u00fc, 1 ki\u015fi a\u011f\u0131r yaraland\u0131. Olayla ilgili 4 ki\u015fi g\u00f6zalt\u0131na al\u0131nd\u0131.<br \/>\n<br \/>Olay, Ku\u015fadas\u0131 il\u00e7esi Ege Mahallesi\u2019nde saat 21.00 s\u0131ralar\u0131nda meydana geldi. Edinilen bilgiye g\u00f6re, aralar\u0131nda husumet bulunan iki grup, T\u00fct\u00fcnc\u00fcler Sitesi\u2019nde kar\u015f\u0131 kar\u015f\u0131ya geldi. \u00c7\u0131kan kavgada silahla vurulan U\u011fur Denli ve M.F.\u00d6. a\u011f\u0131r yaraland\u0131. Silah seslerini duyan vatanda\u015flar durumu 112 Acil \u00c7a\u011fr\u0131 Merkezi\u2019ne bildirdi. \u0130hbar \u00fczerine b\u00f6lgeye polis ve sa\u011fl\u0131k ekipleri sevk edildi. K\u0131sa s\u00fcrede olay yerine gelen sa\u011fl\u0131k ekipleri, ilk m\u00fcdahalenin ard\u0131ndan yaral\u0131lar\u0131 ambulansla Ku\u015fadas\u0131 Devlet Hastanesi\u2019ne kald\u0131rd\u0131. A\u011f\u0131r yaralanan U\u011fur Denli yap\u0131lan t\u00fcm m\u00fcdahalelere ra\u011fmen kurtar\u0131lamazken, M.F.\u00d6.\u2019n\u00fcn de hayati tehlikesinin devam etti\u011fi \u00f6\u011frenildi. Olayla ilgili D.M., M.S.D., F.K. ve E.E. isimli \u015fah\u0131slar g\u00f6zalt\u0131na al\u0131n\u0131rken, di\u011fer 2 \u015f\u00fcpheli U.T. ve M.C.\u00d6.\u2019n\u00fcn yakalanmas\u0131 i\u00e7in \u00e7al\u0131\u015fmalar s\u00fcr\u00fcyor. Olayla ilgili geni\u015f \u00e7apl\u0131 soru\u015fturma ba\u015flat\u0131ld\u0131.<br \/><\/p>\n","protected":false},"excerpt":{"rendered":"<p>Ayd\u0131n\u2019\u0131n Ku\u015fadas\u0131 il\u00e7esinde aralar\u0131nda husumet bulunan iki grup aras\u0131nda \u00e7\u0131kan silahl\u0131 kavgada 1 ki\u015fi \u00f6ld\u00fc, 1 ki\u015fi a\u011f\u0131r yaraland\u0131. Olayla ilgili 4 ki\u015fi g\u00f6zalt\u0131na al\u0131nd\u0131. Olay, Ku\u015fadas\u0131 il\u00e7esi Ege Mahallesi\u2019nde saat 21.00 s\u0131ralar\u0131nda meydana geldi. Edinilen bilgiye g\u00f6re, aralar\u0131nda husumet bulunan iki grup, T\u00fct\u00fcnc\u00fcler Sitesi\u2019nde kar\u015f\u0131 kar\u015f\u0131ya geldi. \u00c7\u0131kan kavgada silahla vurulan U\u011fur Denli ve&#8230;<\/p>\n","protected":false},"author":1,"featured_media":23439,"comment_status":"open","ping_status":"open","sticky":false,"template":"","format":"standard","meta":{"_crdt_document":"","footnotes":""},"categories":[5],"tags":[],"class_list":["post-23438","post","type-post","status-publish","format-standard","has-post-thumbnail","hentry","category-asayis"],"_links":{"self":[{"href":"https:\/\/www.egemtv.com\/index.php?rest_route=\/wp\/v2\/posts\/23438","targetHints":{"allow":["GET"]}}],"collection":[{"href":"https:\/\/www.egemtv.com\/index.php?rest_route=\/wp\/v2\/posts"}],"about":[{"href":"https:\/\/www.egemtv.com\/index.php?rest_route=\/wp\/v2\/types\/post"}],"author":[{"embeddable":true,"href":"https:\/\/www.egemtv.com\/index.php?rest_route=\/wp\/v2\/users\/1"}],"replies":[{"embeddable":true,"href":"https:\/\/www.egemtv.com\/index.php?rest_route=%2Fwp%2Fv2%2Fcomments&post=23438"}],"version-history":[{"count":1,"href":"https:\/\/www.egemtv.com\/index.php?rest_route=\/wp\/v2\/posts\/23438\/revisions"}],"predecessor-version":[{"id":23440,"href":"https:\/\/www.egemtv.com\/index.php?rest_route=\/wp\/v2\/posts\/23438\/revisions\/23440"}],"wp:featuredmedia":[{"embeddable":true,"href":"https:\/\/www.egemtv.com\/index.php?rest_route=\/wp\/v2\/media\/23439"}],"wp:attachment":[{"href":"https:\/\/www.egemtv.com\/index.php?rest_route=%2Fwp%2Fv2%2Fmedia&parent=23438"}],"wp:term":[{"taxonomy":"category","embeddable":true,"href":"https:\/\/www.egemtv.com\/index.php?rest_route=%2Fwp%2Fv2%2Fcategories&post=23438"},{"taxonomy":"post_tag","embeddable":true,"href":"https:\/\/www.egemtv.com\/index.php?rest_route=%2Fwp%2Fv2%2Ftags&post=23438"}],"curies":[{"name":"wp","href":"https:\/\/api.w.org\/{rel}","templated":true}]}}