{"id":23435,"date":"2025-03-01T22:47:32","date_gmt":"2025-03-01T19:47:32","guid":{"rendered":"https:\/\/www.egemtv.com\/?p=23435"},"modified":"2025-03-01T22:47:40","modified_gmt":"2025-03-01T19:47:40","slug":"dun-aksamdan-beri-haber-alinamayan-yasli-adam-olu-bulundu","status":"publish","type":"post","link":"https:\/\/www.egemtv.com\/?p=23435","title":{"rendered":"D\u00fcn ak\u015famdan beri haber al\u0131namayan ya\u015fl\u0131 adam \u00f6l\u00fc bulundu"},"content":{"rendered":"<p>Ayd\u0131n\u2019\u0131n Efeler il\u00e7esinde d\u00fcn ak\u015famdan beri kendisinden haber al\u0131namayan Yusuf Ayd\u0131n (75) evinde \u00f6l\u00fc bulundu.<br \/>\n<br \/>Olay, Efeler il\u00e7esi K\u00f6pr\u00fcl\u00fc Veysi Pa\u015fa Mahallesi 1612 Sokak \u00fczerinde meydana geldi. Edinilen bilgiye g\u00f6re 1612 sokak 51 numaral\u0131 apartman\u0131n zemin kat\u0131nda yaln\u0131z ba\u015f\u0131na ya\u015fayan 75 ya\u015f\u0131ndaki Yusuf Ayd\u0131n\u2019dan haber alamayan yak\u0131nlar\u0131 durumu 112 Acil \u00c7a\u011fr\u0131 Merkezi\u2019ne bildirdi. \u0130hbar \u00fczerine Ayd\u0131n\u2019\u0131n adresine itfaiye, polis ve sa\u011fl\u0131k ekipleri sevk edildi. Ayd\u0131n B\u00fcy\u00fckehir Belediyesi \u0130tfaiye Ekipleri evin kap\u0131s\u0131n\u0131 a\u00e7t\u0131. \u0130\u00c7eri giren sa\u011fl\u0131k eki\u011fpleri, ya\u015fl\u0131 adam\u0131 evin koridorunda hareketsiz bir \u015fekilde buldu. Yap\u0131lan kontrollerde Ayd\u0131n\u2019\u0131n hayat\u0131n\u0131 kaybetti\u011fi tespit edildi. Kronik rahats\u0131zl\u0131\u011f\u0131 oldu\u011fu \u00f6\u011frenilen ya\u015fl\u0131 adam\u0131n kesin \u00f6l\u00fcm nedeninin belirlenmesi i\u00e7in inceleme ba\u015flat\u0131ld\u0131.<br \/>\n<br \/>Uzun s\u00fcre S\u00f6ke Zirai Donat\u0131m Kurumu\u2019nda \u00e7al\u0131\u015ft\u0131ktan sonra emekli oldu\u011fu \u00f6\u011frenilen Yusuf Ayd\u0131n\u2019\u0131n cesedi olay yeri incelemesinin ard\u0131ndan Adli T\u0131p Kurumu\u2019na kald\u0131r\u0131ld\u0131.<br \/><\/p>\n","protected":false},"excerpt":{"rendered":"<p>Ayd\u0131n\u2019\u0131n Efeler il\u00e7esinde d\u00fcn ak\u015famdan beri kendisinden haber al\u0131namayan Yusuf Ayd\u0131n (75) evinde \u00f6l\u00fc bulundu. Olay, Efeler il\u00e7esi K\u00f6pr\u00fcl\u00fc Veysi Pa\u015fa Mahallesi 1612 Sokak \u00fczerinde meydana geldi. Edinilen bilgiye g\u00f6re 1612 sokak 51 numaral\u0131 apartman\u0131n zemin kat\u0131nda yaln\u0131z ba\u015f\u0131na ya\u015fayan 75 ya\u015f\u0131ndaki Yusuf Ayd\u0131n\u2019dan haber alamayan yak\u0131nlar\u0131 durumu 112 Acil \u00c7a\u011fr\u0131 Merkezi\u2019ne bildirdi. \u0130hbar \u00fczerine&#8230;<\/p>\n","protected":false},"author":1,"featured_media":23436,"comment_status":"open","ping_status":"open","sticky":false,"template":"","format":"standard","meta":{"_crdt_document":"","footnotes":""},"categories":[5],"tags":[],"class_list":["post-23435","post","type-post","status-publish","format-standard","has-post-thumbnail","hentry","category-asayis"],"_links":{"self":[{"href":"https:\/\/www.egemtv.com\/index.php?rest_route=\/wp\/v2\/posts\/23435","targetHints":{"allow":["GET"]}}],"collection":[{"href":"https:\/\/www.egemtv.com\/index.php?rest_route=\/wp\/v2\/posts"}],"about":[{"href":"https:\/\/www.egemtv.com\/index.php?rest_route=\/wp\/v2\/types\/post"}],"author":[{"embeddable":true,"href":"https:\/\/www.egemtv.com\/index.php?rest_route=\/wp\/v2\/users\/1"}],"replies":[{"embeddable":true,"href":"https:\/\/www.egemtv.com\/index.php?rest_route=%2Fwp%2Fv2%2Fcomments&post=23435"}],"version-history":[{"count":1,"href":"https:\/\/www.egemtv.com\/index.php?rest_route=\/wp\/v2\/posts\/23435\/revisions"}],"predecessor-version":[{"id":23437,"href":"https:\/\/www.egemtv.com\/index.php?rest_route=\/wp\/v2\/posts\/23435\/revisions\/23437"}],"wp:featuredmedia":[{"embeddable":true,"href":"https:\/\/www.egemtv.com\/index.php?rest_route=\/wp\/v2\/media\/23436"}],"wp:attachment":[{"href":"https:\/\/www.egemtv.com\/index.php?rest_route=%2Fwp%2Fv2%2Fmedia&parent=23435"}],"wp:term":[{"taxonomy":"category","embeddable":true,"href":"https:\/\/www.egemtv.com\/index.php?rest_route=%2Fwp%2Fv2%2Fcategories&post=23435"},{"taxonomy":"post_tag","embeddable":true,"href":"https:\/\/www.egemtv.com\/index.php?rest_route=%2Fwp%2Fv2%2Ftags&post=23435"}],"curies":[{"name":"wp","href":"https:\/\/api.w.org\/{rel}","templated":true}]}}