{"id":23432,"date":"2025-03-01T22:47:25","date_gmt":"2025-03-01T19:47:25","guid":{"rendered":"https:\/\/www.egemtv.com\/?p=23432"},"modified":"2025-03-01T22:47:32","modified_gmt":"2025-03-01T19:47:32","slug":"buyuksehir-belediyesi-koskte-ilk-iftari-gokgiris-mahallesinde-duzenledi","status":"publish","type":"post","link":"https:\/\/www.egemtv.com\/?p=23432","title":{"rendered":"B\u00fcy\u00fck\u015fehir Belediyesi K\u00f6\u015fk\u2019te ilk iftar\u0131 G\u00f6kgiri\u015f Mahallesi\u2019nde d\u00fczenledi"},"content":{"rendered":"<p>Ayd\u0131n B\u00fcy\u00fck\u015fehir Belediyesi, 2025 Ramazan ay\u0131n\u0131n ilk g\u00fcn\u00fcnde K\u00f6\u015fk il\u00e7esinde ilk iftar program\u0131n\u0131 G\u00f6kgiri\u015f Mahallesi\u2019nde d\u00fczenledi.<br \/>\n<br \/>Ramazan ay\u0131n\u0131n gelmesiyle birlikte Ayd\u0131n genelinde Ramazan heyecan\u0131 da ba\u015flad\u0131. Ayd\u0131n B\u00fcy\u00fck\u015fehir Belediyesi, bu sene de vatanda\u015flara \u00fccretsiz iftar yeme\u011fi vermeye devam edece\u011fini a\u00e7\u0131klad\u0131. Bu kapsamda belediye ekipleri, y\u0131l\u0131n ilk iftar\u0131 i\u00e7in saatler \u00f6ncesinde haz\u0131rl\u0131klara ba\u015flayarak masa ve sandalye yerle\u015ftirme \u00e7al\u0131\u015fmalar\u0131n\u0131 tamamlad\u0131. S\u0131cak yemekler ve ikramlar iftara dakikalar kala servis edilmek i\u00e7in haz\u0131rland\u0131. \u0130ftar program\u0131na CHP K\u00f6\u015fk \u0130l\u00e7e Ba\u015fkan\u0131 Mehmet G\u00fcldenk, Ayd\u0131n B\u00fcy\u00fck\u015fehir Belediyesi Gen\u00e7lik ve Spor Hizmetleri Dairesi Ba\u015fkan\u0131 Sava\u015f G\u00fcleser, K\u00f6\u015fk Belediye Meclis \u00dcyeleri, G\u00f6kkiri\u015f Mahallesi Muhtar\u0131 S\u00fcleyman Ta\u00e7, Ba\u015f\u00e7ay\u0131r Mahallesi Muhtar\u0131 Muzaffer B\u00f6l\u00fck ve y\u00fczlerce mahalle sakini kat\u0131ld\u0131. Kurulan iftar sofralar\u0131nda iftarlar\u0131n\u0131 a\u00e7an vatanda\u015flar \u00c7er\u00e7io\u011flu\u2019na te\u015fekk\u00fcr etti ve duyduklar\u0131 memnuniyeti dile getirdi.<br \/>\n<br \/>Ayd\u0131n B\u00fcy\u00fck\u015fehir Belediye Ba\u015fkan\u0131 \u00c7er\u00e7io\u011flu\u2019nun vatanda\u015flara Ramazan ay\u0131na ili\u015fkin mesaj\u0131n\u0131 iftar program\u0131nda Ayd\u0131n B\u00fcy\u00fck\u015fehir Belediyesi Gen\u00e7lik ve Spor Hizmetleri Dairesi Ba\u015fkan\u0131 Sava\u015f G\u00fcleser okurken, mesajda &#8220;Ramazan\u2019\u0131n bereketini birlik ve dayan\u0131\u015fmam\u0131z\u0131 yans\u0131tan sofralar\u0131m\u0131zda payla\u015fmaya devam ediyoruz. T\u00fcm hem\u015ferilerimize hay\u0131rl\u0131 ramazanlar diler selam ve sevgilerimi iletiyorum&#8221; ifadeleri yer ald\u0131.<br \/><\/p>\n","protected":false},"excerpt":{"rendered":"<p>Ayd\u0131n B\u00fcy\u00fck\u015fehir Belediyesi, 2025 Ramazan ay\u0131n\u0131n ilk g\u00fcn\u00fcnde K\u00f6\u015fk il\u00e7esinde ilk iftar program\u0131n\u0131 G\u00f6kgiri\u015f Mahallesi\u2019nde d\u00fczenledi. Ramazan ay\u0131n\u0131n gelmesiyle birlikte Ayd\u0131n genelinde Ramazan heyecan\u0131 da ba\u015flad\u0131. Ayd\u0131n B\u00fcy\u00fck\u015fehir Belediyesi, bu sene de vatanda\u015flara \u00fccretsiz iftar yeme\u011fi vermeye devam edece\u011fini a\u00e7\u0131klad\u0131. Bu kapsamda belediye ekipleri, y\u0131l\u0131n ilk iftar\u0131 i\u00e7in saatler \u00f6ncesinde haz\u0131rl\u0131klara ba\u015flayarak masa ve sandalye&#8230;<\/p>\n","protected":false},"author":1,"featured_media":23433,"comment_status":"open","ping_status":"open","sticky":false,"template":"","format":"standard","meta":{"_crdt_document":"","footnotes":""},"categories":[1],"tags":[],"class_list":["post-23432","post","type-post","status-publish","format-standard","has-post-thumbnail","hentry","category-guncel"],"_links":{"self":[{"href":"https:\/\/www.egemtv.com\/index.php?rest_route=\/wp\/v2\/posts\/23432","targetHints":{"allow":["GET"]}}],"collection":[{"href":"https:\/\/www.egemtv.com\/index.php?rest_route=\/wp\/v2\/posts"}],"about":[{"href":"https:\/\/www.egemtv.com\/index.php?rest_route=\/wp\/v2\/types\/post"}],"author":[{"embeddable":true,"href":"https:\/\/www.egemtv.com\/index.php?rest_route=\/wp\/v2\/users\/1"}],"replies":[{"embeddable":true,"href":"https:\/\/www.egemtv.com\/index.php?rest_route=%2Fwp%2Fv2%2Fcomments&post=23432"}],"version-history":[{"count":1,"href":"https:\/\/www.egemtv.com\/index.php?rest_route=\/wp\/v2\/posts\/23432\/revisions"}],"predecessor-version":[{"id":23434,"href":"https:\/\/www.egemtv.com\/index.php?rest_route=\/wp\/v2\/posts\/23432\/revisions\/23434"}],"wp:featuredmedia":[{"embeddable":true,"href":"https:\/\/www.egemtv.com\/index.php?rest_route=\/wp\/v2\/media\/23433"}],"wp:attachment":[{"href":"https:\/\/www.egemtv.com\/index.php?rest_route=%2Fwp%2Fv2%2Fmedia&parent=23432"}],"wp:term":[{"taxonomy":"category","embeddable":true,"href":"https:\/\/www.egemtv.com\/index.php?rest_route=%2Fwp%2Fv2%2Fcategories&post=23432"},{"taxonomy":"post_tag","embeddable":true,"href":"https:\/\/www.egemtv.com\/index.php?rest_route=%2Fwp%2Fv2%2Ftags&post=23432"}],"curies":[{"name":"wp","href":"https:\/\/api.w.org\/{rel}","templated":true}]}}