{"id":23423,"date":"2025-03-01T21:55:29","date_gmt":"2025-03-01T18:55:29","guid":{"rendered":"https:\/\/www.egemtv.com\/?p=23423"},"modified":"2025-03-01T21:55:33","modified_gmt":"2025-03-01T18:55:33","slug":"izmirde-maskeli-saldirgan-dehset-sacti-1-olu-1-yarali","status":"publish","type":"post","link":"https:\/\/www.egemtv.com\/?p=23423","title":{"rendered":"\u0130zmir\u2019de maskeli sald\u0131rgan deh\u015fet sa\u00e7t\u0131: 1 \u00f6l\u00fc, 1 yaral\u0131"},"content":{"rendered":"<p>\u0130zmir\u2019in Bayrakl\u0131 il\u00e7esinde motosikletle gelen maskeli bir sald\u0131rgan, otomobil i\u00e7erisindeki 2 ki\u015fiye kur\u015fun ya\u011fd\u0131rd\u0131. Silahl\u0131 sald\u0131r\u0131da bir ki\u015fi hayat\u0131n\u0131 kaybederken, 1 ki\u015fi de yaraland\u0131.<br \/>\n<br \/>Olay, saat 18.00 s\u0131ralar\u0131nda Emek Mahallesi 7290 Sokak\u2019ta meydana geldi. Onur G\u00fcl (27) ve Serdar \u015eenocak\u2019\u0131n (31) i\u00e7inde bulundu\u011fu 35 BAT 982 plakal\u0131 otomobile, y\u00fcz\u00fc maskeli motosikletli bir \u015f\u00fcpheli taraf\u0131ndan silahl\u0131 sald\u0131r\u0131 d\u00fczenlendi. Otomobilde bulunan iki ki\u015finin v\u00fccuduna mermiler isabet ederken maskeli sald\u0131rgan olay yerinden motosikletiyle ka\u00e7t\u0131. \u00c7evredekilerin ihbar\u0131 \u00fczerine olay yerine polis ve sa\u011fl\u0131k ekipleri sevk edildi. Sa\u011fl\u0131k ekiplerince yap\u0131lan m\u00fcdahalede a\u011f\u0131r yaraland\u0131klar\u0131 belirlenen G\u00fcl \u00f6zel bir hastaneye, \u015eenocak ise Bayrakl\u0131 \u015eehir Hastanesi\u2019ne kald\u0131r\u0131ld\u0131.<br \/>\n<br \/>Yaral\u0131lardan Onur G\u00fcl yap\u0131lan m\u00fcdahalelere ra\u011fmen kurtar\u0131lamayak hayat\u0131n\u0131 kaybetti. Serdar \u015eenocak\u2019\u0131n tedavisinin ise devam etti\u011fi \u00f6\u011frenildi.<br \/>\n<br \/>Polis ekipleri olay\u0131 ger\u00e7ekle\u015ftiren \u015f\u00fcpheliyi yakalamak i\u00e7in geni\u015f \u00e7apl\u0131 \u00e7al\u0131\u015fma ba\u015flatt\u0131.<br \/><\/p>\n","protected":false},"excerpt":{"rendered":"<p>\u0130zmir\u2019in Bayrakl\u0131 il\u00e7esinde motosikletle gelen maskeli bir sald\u0131rgan, otomobil i\u00e7erisindeki 2 ki\u015fiye kur\u015fun ya\u011fd\u0131rd\u0131. Silahl\u0131 sald\u0131r\u0131da bir ki\u015fi hayat\u0131n\u0131 kaybederken, 1 ki\u015fi de yaraland\u0131. Olay, saat 18.00 s\u0131ralar\u0131nda Emek Mahallesi 7290 Sokak\u2019ta meydana geldi. Onur G\u00fcl (27) ve Serdar \u015eenocak\u2019\u0131n (31) i\u00e7inde bulundu\u011fu 35 BAT 982 plakal\u0131 otomobile, y\u00fcz\u00fc maskeli motosikletli bir \u015f\u00fcpheli taraf\u0131ndan silahl\u0131&#8230;<\/p>\n","protected":false},"author":1,"featured_media":23424,"comment_status":"open","ping_status":"open","sticky":false,"template":"","format":"standard","meta":{"_crdt_document":"","footnotes":""},"categories":[5],"tags":[],"class_list":["post-23423","post","type-post","status-publish","format-standard","has-post-thumbnail","hentry","category-asayis"],"_links":{"self":[{"href":"https:\/\/www.egemtv.com\/index.php?rest_route=\/wp\/v2\/posts\/23423","targetHints":{"allow":["GET"]}}],"collection":[{"href":"https:\/\/www.egemtv.com\/index.php?rest_route=\/wp\/v2\/posts"}],"about":[{"href":"https:\/\/www.egemtv.com\/index.php?rest_route=\/wp\/v2\/types\/post"}],"author":[{"embeddable":true,"href":"https:\/\/www.egemtv.com\/index.php?rest_route=\/wp\/v2\/users\/1"}],"replies":[{"embeddable":true,"href":"https:\/\/www.egemtv.com\/index.php?rest_route=%2Fwp%2Fv2%2Fcomments&post=23423"}],"version-history":[{"count":1,"href":"https:\/\/www.egemtv.com\/index.php?rest_route=\/wp\/v2\/posts\/23423\/revisions"}],"predecessor-version":[{"id":23425,"href":"https:\/\/www.egemtv.com\/index.php?rest_route=\/wp\/v2\/posts\/23423\/revisions\/23425"}],"wp:featuredmedia":[{"embeddable":true,"href":"https:\/\/www.egemtv.com\/index.php?rest_route=\/wp\/v2\/media\/23424"}],"wp:attachment":[{"href":"https:\/\/www.egemtv.com\/index.php?rest_route=%2Fwp%2Fv2%2Fmedia&parent=23423"}],"wp:term":[{"taxonomy":"category","embeddable":true,"href":"https:\/\/www.egemtv.com\/index.php?rest_route=%2Fwp%2Fv2%2Fcategories&post=23423"},{"taxonomy":"post_tag","embeddable":true,"href":"https:\/\/www.egemtv.com\/index.php?rest_route=%2Fwp%2Fv2%2Ftags&post=23423"}],"curies":[{"name":"wp","href":"https:\/\/api.w.org\/{rel}","templated":true}]}}