{"id":23420,"date":"2025-03-01T20:48:21","date_gmt":"2025-03-01T17:48:21","guid":{"rendered":"https:\/\/www.egemtv.com\/?p=23420"},"modified":"2025-03-01T20:48:26","modified_gmt":"2025-03-01T17:48:26","slug":"bozdoganlilar-ilk-iftari-buyuksehir-sofrasinda-acti","status":"publish","type":"post","link":"https:\/\/www.egemtv.com\/?p=23420","title":{"rendered":"Bozdo\u011fanl\u0131lar ilk iftar\u0131 B\u00fcy\u00fck\u015fehir sofras\u0131nda a\u00e7t\u0131"},"content":{"rendered":"<p>Ayd\u0131n\u2019\u0131n Bozdo\u011fan il\u00e7esinde vatanda\u015flar ilk iftarlar\u0131n\u0131 Ayd\u0131n B\u00fcy\u00fck\u015fehir Belediyesi\u2019nin iftar sofras\u0131nda a\u00e7t\u0131.<br \/>\n<br \/>Ayd\u0131n B\u00fcy\u00fck\u015fehir Belediyesi, Bozdo\u011fan\u2019\u0131n Yaz\u0131kent Mahallesi\u2019nde d\u00fczenledi\u011fi iftar program\u0131yla vatanda\u015flar\u0131 bir araya getirdi. Ayd\u0131n B\u00fcy\u00fck\u015fehir belediyesi taraf\u0131ndan d\u00fczenlenen \u0130ftar program\u0131na, Cumhuriyet Halk Partisi (CHP) Ayd\u0131n \u0130l Ba\u015fkan\u0131 Hikmet Saat\u00e7\u0131, Bozdo\u011fan Belediye Ba\u015fkan\u0131 Galip \u00d6zel, CHP Bozdo\u011fan \u0130l\u00e7e Ba\u015fkan\u0131 Hasan Karayer, belediye meclis \u00fcyeleri, mahalle muhtar\u0131 ve vatanda\u015flar kat\u0131l\u0131m sa\u011flad\u0131.<br \/>\n<br \/>\u0130ftar program\u0131nda hem\u015fehrileriyle bir araya gelen Ba\u015fkan Mustafa Galip \u00d6zel, birlik ve beraberlik mesaj\u0131 vererek, &#8220;Birlik ve beraberli\u011fimizin daha da g\u00fc\u00e7lendi\u011fi iftar yeme\u011fi i\u00e7in Ayd\u0131n B\u00fcy\u00fck\u015fehir Belediye Ba\u015fkan\u0131m\u0131z \u00d6zlem \u00c7er\u00e7io\u011flu\u2019na te\u015fekk\u00fcr ediyor, tutulan oru\u00e7lar\u0131n kabul olmas\u0131n\u0131 diliyorum&#8221; dedi.<br \/>\n<br \/>Mahalle sakinleri iftar program\u0131ndan duyduklar\u0131 memnuniyeti dile getirerek, dayan\u0131\u015fma i\u00e7inde bir araya gelmenin mutlulu\u011funu ya\u015fad\u0131klar\u0131n\u0131 belirtti. Ayd\u0131n B\u00fcy\u00fck\u015fehir Belediyesi, Ramazan ay\u0131 boyunca farkl\u0131 il\u00e7elerde d\u00fczenledi\u011fi iftar programlar\u0131yla vatanda\u015flar\u0131 bir araya getirmeye devam ediyor.<br \/><\/p>\n","protected":false},"excerpt":{"rendered":"<p>Ayd\u0131n\u2019\u0131n Bozdo\u011fan il\u00e7esinde vatanda\u015flar ilk iftarlar\u0131n\u0131 Ayd\u0131n B\u00fcy\u00fck\u015fehir Belediyesi\u2019nin iftar sofras\u0131nda a\u00e7t\u0131. Ayd\u0131n B\u00fcy\u00fck\u015fehir Belediyesi, Bozdo\u011fan\u2019\u0131n Yaz\u0131kent Mahallesi\u2019nde d\u00fczenledi\u011fi iftar program\u0131yla vatanda\u015flar\u0131 bir araya getirdi. Ayd\u0131n B\u00fcy\u00fck\u015fehir belediyesi taraf\u0131ndan d\u00fczenlenen \u0130ftar program\u0131na, Cumhuriyet Halk Partisi (CHP) Ayd\u0131n \u0130l Ba\u015fkan\u0131 Hikmet Saat\u00e7\u0131, Bozdo\u011fan Belediye Ba\u015fkan\u0131 Galip \u00d6zel, CHP Bozdo\u011fan \u0130l\u00e7e Ba\u015fkan\u0131 Hasan Karayer, belediye meclis \u00fcyeleri,&#8230;<\/p>\n","protected":false},"author":1,"featured_media":23421,"comment_status":"open","ping_status":"open","sticky":false,"template":"","format":"standard","meta":{"_crdt_document":"","footnotes":""},"categories":[1],"tags":[],"class_list":["post-23420","post","type-post","status-publish","format-standard","has-post-thumbnail","hentry","category-guncel"],"_links":{"self":[{"href":"https:\/\/www.egemtv.com\/index.php?rest_route=\/wp\/v2\/posts\/23420","targetHints":{"allow":["GET"]}}],"collection":[{"href":"https:\/\/www.egemtv.com\/index.php?rest_route=\/wp\/v2\/posts"}],"about":[{"href":"https:\/\/www.egemtv.com\/index.php?rest_route=\/wp\/v2\/types\/post"}],"author":[{"embeddable":true,"href":"https:\/\/www.egemtv.com\/index.php?rest_route=\/wp\/v2\/users\/1"}],"replies":[{"embeddable":true,"href":"https:\/\/www.egemtv.com\/index.php?rest_route=%2Fwp%2Fv2%2Fcomments&post=23420"}],"version-history":[{"count":1,"href":"https:\/\/www.egemtv.com\/index.php?rest_route=\/wp\/v2\/posts\/23420\/revisions"}],"predecessor-version":[{"id":23422,"href":"https:\/\/www.egemtv.com\/index.php?rest_route=\/wp\/v2\/posts\/23420\/revisions\/23422"}],"wp:featuredmedia":[{"embeddable":true,"href":"https:\/\/www.egemtv.com\/index.php?rest_route=\/wp\/v2\/media\/23421"}],"wp:attachment":[{"href":"https:\/\/www.egemtv.com\/index.php?rest_route=%2Fwp%2Fv2%2Fmedia&parent=23420"}],"wp:term":[{"taxonomy":"category","embeddable":true,"href":"https:\/\/www.egemtv.com\/index.php?rest_route=%2Fwp%2Fv2%2Fcategories&post=23420"},{"taxonomy":"post_tag","embeddable":true,"href":"https:\/\/www.egemtv.com\/index.php?rest_route=%2Fwp%2Fv2%2Ftags&post=23420"}],"curies":[{"name":"wp","href":"https:\/\/api.w.org\/{rel}","templated":true}]}}