{"id":23417,"date":"2025-03-01T19:46:15","date_gmt":"2025-03-01T16:46:15","guid":{"rendered":"https:\/\/www.egemtv.com\/?p=23417"},"modified":"2025-03-01T19:46:20","modified_gmt":"2025-03-01T16:46:20","slug":"minik-nazlinin-cansiz-bedeni-evinden-5-kilometre-uzaklikta-bulundu","status":"publish","type":"post","link":"https:\/\/www.egemtv.com\/?p=23417","title":{"rendered":"Minik Nazl\u0131\u2019n\u0131n cans\u0131z bedeni evinden 5 kilometre uzakl\u0131kta bulundu"},"content":{"rendered":"<p>Denizli\u2019de d\u00fcnden beri kay\u0131p olarak aranan 4 ya\u015f\u0131ndaki Nazl\u0131 \u015ee\u015fen\u2019in cans\u0131z bedeni, evinden 5 kilometre uzakl\u0131kta d\u00fc\u015ft\u00fc\u011f\u00fc derede bulundu.<br \/>\n<br \/>Denizli\u2019nin Honaz il\u00e7esi Kocaba\u015f Mahallesi\u2019nde d\u00fcn saat 12.00 s\u0131ralar\u0131nda, misafirli\u011fe gitti\u011fi kom\u015fusunun evinin \u00f6n\u00fcnde oyun oynarken kaybolan Nazl\u0131 \u015ee\u015fen\u2019in (4), Aksu deresine d\u00fc\u015ft\u00fc\u011f\u00fc ihtimali \u00fczerine dere ve \u00e7evresinde arama \u00e7al\u0131\u015fmas\u0131 ba\u015flat\u0131lm\u0131\u015ft\u0131. D\u00fcn gece saatlerine kadar itfaiye ekiplerine ba\u011fl\u0131 dalg\u0131\u00e7 adamlar\u0131n \u00e7al\u0131\u015fmalar\u0131 sonu\u00e7 vermeyince dere i\u00e7erisindeki \u00e7al\u0131\u015fmalar sonland\u0131r\u0131ld\u0131. Jandarma komandolar\u0131n ve arama kurtarma STK\u2019lar\u0131n\u0131n arazideki \u00e7al\u0131\u015fmalar\u0131 sabaha kadar devam etti.<\/p>\n<p>Minik Nazl\u0131\u2019n\u0131n cans\u0131z bedeni aramalar\u0131n 28. saatinde bulundu<br \/>\n<br \/>Minik Nazl\u0131\u2019n\u0131n kay\u0131p ihbar\u0131 ve istenilen destek talebi \u00fczerine \u00e7evre illerden de takviye ekipler b\u00f6lgeye sevk edildi. Antalya \u0130l Jandarma Komutanl\u0131\u011f\u0131na ba\u011fl\u0131 Jandarma Sualt\u0131 Arama Kurtarma timi de b\u00f6lgedeki \u00e7al\u0131\u015fmalara destek verdi. Jandarman\u0131n bal\u0131k adamlar\u0131 taraf\u0131ndan derede y\u00fcr\u00fct\u00fclen arama \u00e7al\u0131\u015fmalar\u0131 28. saatinde sonu\u00e7 verdi. Minik Nazl\u0131 k\u00f6pr\u00fcden d\u00fc\u015ft\u00fc\u011f\u00fc Aksu deresinde ak\u0131nt\u0131ya kap\u0131lm\u0131\u015f ve 5 kilometre uzakl\u0131kta a\u011fa\u00e7 dallar\u0131na tak\u0131lm\u0131\u015f halde bulundu. Minik Nazl\u0131\u2019ya dair umutlu bekleyi\u015fini s\u00fcrd\u00fcren ailesi, ac\u0131l\u0131 haberler adeta y\u0131k\u0131ld\u0131. B\u00f6lgedeki incelemelerin ard\u0131ndan Nazl\u0131 \u015ee\u015fen\u2019in cans\u0131z bedeni dereden \u00e7\u0131kar\u0131ld\u0131. Minik k\u0131z\u0131n cans\u0131z bedeni otopsi yap\u0131lmak \u00fczere Adli T\u0131p Kurumu morguna kald\u0131r\u0131ld\u0131.<br \/><\/p>\n","protected":false},"excerpt":{"rendered":"<p>Denizli\u2019de d\u00fcnden beri kay\u0131p olarak aranan 4 ya\u015f\u0131ndaki Nazl\u0131 \u015ee\u015fen\u2019in cans\u0131z bedeni, evinden 5 kilometre uzakl\u0131kta d\u00fc\u015ft\u00fc\u011f\u00fc derede bulundu. Denizli\u2019nin Honaz il\u00e7esi Kocaba\u015f Mahallesi\u2019nde d\u00fcn saat 12.00 s\u0131ralar\u0131nda, misafirli\u011fe gitti\u011fi kom\u015fusunun evinin \u00f6n\u00fcnde oyun oynarken kaybolan Nazl\u0131 \u015ee\u015fen\u2019in (4), Aksu deresine d\u00fc\u015ft\u00fc\u011f\u00fc ihtimali \u00fczerine dere ve \u00e7evresinde arama \u00e7al\u0131\u015fmas\u0131 ba\u015flat\u0131lm\u0131\u015ft\u0131. D\u00fcn gece saatlerine kadar itfaiye&#8230;<\/p>\n","protected":false},"author":1,"featured_media":23418,"comment_status":"open","ping_status":"open","sticky":false,"template":"","format":"standard","meta":{"_crdt_document":"","footnotes":""},"categories":[5],"tags":[],"class_list":["post-23417","post","type-post","status-publish","format-standard","has-post-thumbnail","hentry","category-asayis"],"_links":{"self":[{"href":"https:\/\/www.egemtv.com\/index.php?rest_route=\/wp\/v2\/posts\/23417","targetHints":{"allow":["GET"]}}],"collection":[{"href":"https:\/\/www.egemtv.com\/index.php?rest_route=\/wp\/v2\/posts"}],"about":[{"href":"https:\/\/www.egemtv.com\/index.php?rest_route=\/wp\/v2\/types\/post"}],"author":[{"embeddable":true,"href":"https:\/\/www.egemtv.com\/index.php?rest_route=\/wp\/v2\/users\/1"}],"replies":[{"embeddable":true,"href":"https:\/\/www.egemtv.com\/index.php?rest_route=%2Fwp%2Fv2%2Fcomments&post=23417"}],"version-history":[{"count":1,"href":"https:\/\/www.egemtv.com\/index.php?rest_route=\/wp\/v2\/posts\/23417\/revisions"}],"predecessor-version":[{"id":23419,"href":"https:\/\/www.egemtv.com\/index.php?rest_route=\/wp\/v2\/posts\/23417\/revisions\/23419"}],"wp:featuredmedia":[{"embeddable":true,"href":"https:\/\/www.egemtv.com\/index.php?rest_route=\/wp\/v2\/media\/23418"}],"wp:attachment":[{"href":"https:\/\/www.egemtv.com\/index.php?rest_route=%2Fwp%2Fv2%2Fmedia&parent=23417"}],"wp:term":[{"taxonomy":"category","embeddable":true,"href":"https:\/\/www.egemtv.com\/index.php?rest_route=%2Fwp%2Fv2%2Fcategories&post=23417"},{"taxonomy":"post_tag","embeddable":true,"href":"https:\/\/www.egemtv.com\/index.php?rest_route=%2Fwp%2Fv2%2Ftags&post=23417"}],"curies":[{"name":"wp","href":"https:\/\/api.w.org\/{rel}","templated":true}]}}