{"id":23414,"date":"2025-03-01T19:24:31","date_gmt":"2025-03-01T16:24:31","guid":{"rendered":"https:\/\/www.egemtv.com\/?p=23414"},"modified":"2025-03-01T19:24:38","modified_gmt":"2025-03-01T16:24:38","slug":"kesinlesmis-hapis-cezasi-bulunan-feto-teror-orgutu-uyesi-yakalandi","status":"publish","type":"post","link":"https:\/\/www.egemtv.com\/?p=23414","title":{"rendered":"Kesinle\u015fmi\u015f hapis cezas\u0131 bulunan FET\u00d6 ter\u00f6r \u00f6rg\u00fct\u00fc \u00fcyesi yakaland\u0131"},"content":{"rendered":"<p>FET\u00d6 silahl\u0131 ter\u00f6r \u00f6rg\u00fct\u00fc mensuplar\u0131n\u0131n faaliyetlerinin de\u015fifresine, engellenmesine ve firari \u015fah\u0131slar\u0131n yakalanmas\u0131na y\u00f6nelik Fethiye il\u00e7esinde Emniyet \u0130stihbarat \u015eube M\u00fcd\u00fcrl\u00fc\u011f\u00fc ile Fethiye \u0130l\u00e7e Emniyet M\u00fcd\u00fcrl\u00fc\u011f\u00fc TEM B\u00fcro Amirli\u011fince y\u00fcr\u00fct\u00fclen koordineli \u00e7al\u0131\u015fmalar sonucunda Hakkari \u0130lamat ve \u0130nfaz B\u00fcrosunca hakk\u0131nda \u2018FET\u00d6 silahl\u0131 ter\u00f6r \u00f6rg\u00fct\u00fcne \u00fcye olmak\u2019 su\u00e7undan 3 y\u0131l 14 ay kesinle\u015fmi\u015f hapis cezas\u0131 ile aranma kayd\u0131 bulunan \u015fah\u0131s yakaland\u0131.<br \/>\n<br \/>Yakalanan FET\u00d6 silahl\u0131 ter\u00f6r \u00f6rg\u00fct\u00fc \u00fcyesi cezaevine teslim edildi.<br \/><\/p>\n","protected":false},"excerpt":{"rendered":"<p>FET\u00d6 silahl\u0131 ter\u00f6r \u00f6rg\u00fct\u00fc mensuplar\u0131n\u0131n faaliyetlerinin de\u015fifresine, engellenmesine ve firari \u015fah\u0131slar\u0131n yakalanmas\u0131na y\u00f6nelik Fethiye il\u00e7esinde Emniyet \u0130stihbarat \u015eube M\u00fcd\u00fcrl\u00fc\u011f\u00fc ile Fethiye \u0130l\u00e7e Emniyet M\u00fcd\u00fcrl\u00fc\u011f\u00fc TEM B\u00fcro Amirli\u011fince y\u00fcr\u00fct\u00fclen koordineli \u00e7al\u0131\u015fmalar sonucunda Hakkari \u0130lamat ve \u0130nfaz B\u00fcrosunca hakk\u0131nda \u2018FET\u00d6 silahl\u0131 ter\u00f6r \u00f6rg\u00fct\u00fcne \u00fcye olmak\u2019 su\u00e7undan 3 y\u0131l 14 ay kesinle\u015fmi\u015f hapis cezas\u0131 ile aranma kayd\u0131 bulunan&#8230;<\/p>\n","protected":false},"author":1,"featured_media":23415,"comment_status":"open","ping_status":"open","sticky":false,"template":"","format":"standard","meta":{"_crdt_document":"","footnotes":""},"categories":[5],"tags":[],"class_list":["post-23414","post","type-post","status-publish","format-standard","has-post-thumbnail","hentry","category-asayis"],"_links":{"self":[{"href":"https:\/\/www.egemtv.com\/index.php?rest_route=\/wp\/v2\/posts\/23414","targetHints":{"allow":["GET"]}}],"collection":[{"href":"https:\/\/www.egemtv.com\/index.php?rest_route=\/wp\/v2\/posts"}],"about":[{"href":"https:\/\/www.egemtv.com\/index.php?rest_route=\/wp\/v2\/types\/post"}],"author":[{"embeddable":true,"href":"https:\/\/www.egemtv.com\/index.php?rest_route=\/wp\/v2\/users\/1"}],"replies":[{"embeddable":true,"href":"https:\/\/www.egemtv.com\/index.php?rest_route=%2Fwp%2Fv2%2Fcomments&post=23414"}],"version-history":[{"count":1,"href":"https:\/\/www.egemtv.com\/index.php?rest_route=\/wp\/v2\/posts\/23414\/revisions"}],"predecessor-version":[{"id":23416,"href":"https:\/\/www.egemtv.com\/index.php?rest_route=\/wp\/v2\/posts\/23414\/revisions\/23416"}],"wp:featuredmedia":[{"embeddable":true,"href":"https:\/\/www.egemtv.com\/index.php?rest_route=\/wp\/v2\/media\/23415"}],"wp:attachment":[{"href":"https:\/\/www.egemtv.com\/index.php?rest_route=%2Fwp%2Fv2%2Fmedia&parent=23414"}],"wp:term":[{"taxonomy":"category","embeddable":true,"href":"https:\/\/www.egemtv.com\/index.php?rest_route=%2Fwp%2Fv2%2Fcategories&post=23414"},{"taxonomy":"post_tag","embeddable":true,"href":"https:\/\/www.egemtv.com\/index.php?rest_route=%2Fwp%2Fv2%2Ftags&post=23414"}],"curies":[{"name":"wp","href":"https:\/\/api.w.org\/{rel}","templated":true}]}}