{"id":23408,"date":"2025-03-01T18:49:05","date_gmt":"2025-03-01T15:49:05","guid":{"rendered":"https:\/\/www.egemtv.com\/?p=23408"},"modified":"2025-03-01T18:49:09","modified_gmt":"2025-03-01T15:49:09","slug":"tavsanlida-trafik-kazasi-1-olu","status":"publish","type":"post","link":"https:\/\/www.egemtv.com\/?p=23408","title":{"rendered":"Tav\u015fanl\u0131\u2019da trafik kazas\u0131: 1 \u00f6l\u00fc"},"content":{"rendered":"<p>K\u00fctahya\u2019n\u0131n Tav\u015fanl\u0131 il\u00e7esinde meydana gelen trafik kazas\u0131nda 1 ki\u015fi hayat\u0131n\u0131 kaybetti.<br \/>\n<br \/>Edinilen bilgilere g\u00f6re, Tav\u015fanl\u0131-K\u00fctahya karayolu 9. kilometresinde Ramazan A. (46) idaresindeki 16 ACY 940 plakal\u0131 otomobil, kontrolden \u00e7\u0131karak takla att\u0131. \u0130hbar \u00fczerine olay yerine 112 Acil servis ekipleri sevk edildi.<br \/>\n<br \/>Kazada, s\u00fcr\u00fcc\u00fc Ramazan A., 112 sa\u011fl\u0131k ekiplerinin olay yerinde ilk m\u00fcdahalesinin ard\u0131ndan Tav\u015fanl\u0131 Do\u00e7. Dr. Mustafa Kalemli Devlet Hastanesine sevk edildi. Yaral\u0131 s\u00fcr\u00fcc\u00fc Ramazan A., hastanede doktorlar\u0131n t\u00fcm m\u00fcdahalesine ra\u011fmen kurtar\u0131lamad\u0131.<br \/>\n<br \/>Kaza ile ilgili soru\u015fturma devam ediyor.<br \/><\/p>\n","protected":false},"excerpt":{"rendered":"<p>K\u00fctahya\u2019n\u0131n Tav\u015fanl\u0131 il\u00e7esinde meydana gelen trafik kazas\u0131nda 1 ki\u015fi hayat\u0131n\u0131 kaybetti. Edinilen bilgilere g\u00f6re, Tav\u015fanl\u0131-K\u00fctahya karayolu 9. kilometresinde Ramazan A. (46) idaresindeki 16 ACY 940 plakal\u0131 otomobil, kontrolden \u00e7\u0131karak takla att\u0131. \u0130hbar \u00fczerine olay yerine 112 Acil servis ekipleri sevk edildi. Kazada, s\u00fcr\u00fcc\u00fc Ramazan A., 112 sa\u011fl\u0131k ekiplerinin olay yerinde ilk m\u00fcdahalesinin ard\u0131ndan Tav\u015fanl\u0131 Do\u00e7&#8230;.<\/p>\n","protected":false},"author":1,"featured_media":23409,"comment_status":"open","ping_status":"open","sticky":false,"template":"","format":"standard","meta":{"_crdt_document":"","footnotes":""},"categories":[5],"tags":[],"class_list":["post-23408","post","type-post","status-publish","format-standard","has-post-thumbnail","hentry","category-asayis"],"_links":{"self":[{"href":"https:\/\/www.egemtv.com\/index.php?rest_route=\/wp\/v2\/posts\/23408","targetHints":{"allow":["GET"]}}],"collection":[{"href":"https:\/\/www.egemtv.com\/index.php?rest_route=\/wp\/v2\/posts"}],"about":[{"href":"https:\/\/www.egemtv.com\/index.php?rest_route=\/wp\/v2\/types\/post"}],"author":[{"embeddable":true,"href":"https:\/\/www.egemtv.com\/index.php?rest_route=\/wp\/v2\/users\/1"}],"replies":[{"embeddable":true,"href":"https:\/\/www.egemtv.com\/index.php?rest_route=%2Fwp%2Fv2%2Fcomments&post=23408"}],"version-history":[{"count":1,"href":"https:\/\/www.egemtv.com\/index.php?rest_route=\/wp\/v2\/posts\/23408\/revisions"}],"predecessor-version":[{"id":23410,"href":"https:\/\/www.egemtv.com\/index.php?rest_route=\/wp\/v2\/posts\/23408\/revisions\/23410"}],"wp:featuredmedia":[{"embeddable":true,"href":"https:\/\/www.egemtv.com\/index.php?rest_route=\/wp\/v2\/media\/23409"}],"wp:attachment":[{"href":"https:\/\/www.egemtv.com\/index.php?rest_route=%2Fwp%2Fv2%2Fmedia&parent=23408"}],"wp:term":[{"taxonomy":"category","embeddable":true,"href":"https:\/\/www.egemtv.com\/index.php?rest_route=%2Fwp%2Fv2%2Fcategories&post=23408"},{"taxonomy":"post_tag","embeddable":true,"href":"https:\/\/www.egemtv.com\/index.php?rest_route=%2Fwp%2Fv2%2Ftags&post=23408"}],"curies":[{"name":"wp","href":"https:\/\/api.w.org\/{rel}","templated":true}]}}