{"id":23405,"date":"2025-03-01T18:49:00","date_gmt":"2025-03-01T15:49:00","guid":{"rendered":"https:\/\/www.egemtv.com\/?p=23405"},"modified":"2025-03-01T18:49:05","modified_gmt":"2025-03-01T15:49:05","slug":"devrilen-traktorun-altinda-kalan-yasli-adam-hayatini-kaybetti","status":"publish","type":"post","link":"https:\/\/www.egemtv.com\/?p=23405","title":{"rendered":"Devrilen trakt\u00f6r\u00fcn alt\u0131nda kalan ya\u015fl\u0131 adam hayat\u0131n\u0131 kaybetti"},"content":{"rendered":"<p>Burdur\u2019un A\u011flasun il\u00e7esinde seyir halindeki trakt\u00f6r\u00fcn devrilmesi sonucu alt\u0131nda kalan ya\u015fl\u0131 adam hayat\u0131n\u0131 kaybetti.<br \/>\n<br \/>Olay, saat 16.30 s\u0131ralar\u0131nda A\u011flasun il\u00e7esi Yaz\u0131r k\u00f6y\u00fcnde meydana geldi. Edinilen bilgilere g\u00f6re, 15 PE 477 plakal\u0131 trakt\u00f6r\u00fcyle tarlas\u0131na giden Ahmet \u00d6zbek (82), orman yolunda devrilen trakt\u00f6r\u00fcn alt\u0131nda kalarak a\u011f\u0131r yaraland\u0131. Kazay\u0131 fark edenlerin 112 Acil \u00c7a\u011fr\u0131 Merkezi\u2019ne ihbar\u0131 \u00fczerine olay yerine sa\u011fl\u0131k, jandarma ve itfaiye ekipleri sevk edildi. Olay yerine gelen sa\u011fl\u0131k ekiplerinin yapt\u0131\u011f\u0131 kontrolde Ahmet \u00d6zbek\u2019in hayat\u0131n\u0131 kaybetti\u011fi belirlendi. Olay yeri inceleme ekipleri ve cumhuriyet savc\u0131s\u0131n\u0131n incelemelerinin ard\u0131ndan ya\u015fl\u0131 adam\u0131n cenazesi otopsi yap\u0131lmak \u00fczere Burdur Devlet Hastanesi morguna kald\u0131r\u0131lacak.<br \/><\/p>\n","protected":false},"excerpt":{"rendered":"<p>Burdur\u2019un A\u011flasun il\u00e7esinde seyir halindeki trakt\u00f6r\u00fcn devrilmesi sonucu alt\u0131nda kalan ya\u015fl\u0131 adam hayat\u0131n\u0131 kaybetti. Olay, saat 16.30 s\u0131ralar\u0131nda A\u011flasun il\u00e7esi Yaz\u0131r k\u00f6y\u00fcnde meydana geldi. Edinilen bilgilere g\u00f6re, 15 PE 477 plakal\u0131 trakt\u00f6r\u00fcyle tarlas\u0131na giden Ahmet \u00d6zbek (82), orman yolunda devrilen trakt\u00f6r\u00fcn alt\u0131nda kalarak a\u011f\u0131r yaraland\u0131. Kazay\u0131 fark edenlerin 112 Acil \u00c7a\u011fr\u0131 Merkezi\u2019ne ihbar\u0131 \u00fczerine olay&#8230;<\/p>\n","protected":false},"author":1,"featured_media":23406,"comment_status":"open","ping_status":"open","sticky":false,"template":"","format":"standard","meta":{"_crdt_document":"","footnotes":""},"categories":[5],"tags":[],"class_list":["post-23405","post","type-post","status-publish","format-standard","has-post-thumbnail","hentry","category-asayis"],"_links":{"self":[{"href":"https:\/\/www.egemtv.com\/index.php?rest_route=\/wp\/v2\/posts\/23405","targetHints":{"allow":["GET"]}}],"collection":[{"href":"https:\/\/www.egemtv.com\/index.php?rest_route=\/wp\/v2\/posts"}],"about":[{"href":"https:\/\/www.egemtv.com\/index.php?rest_route=\/wp\/v2\/types\/post"}],"author":[{"embeddable":true,"href":"https:\/\/www.egemtv.com\/index.php?rest_route=\/wp\/v2\/users\/1"}],"replies":[{"embeddable":true,"href":"https:\/\/www.egemtv.com\/index.php?rest_route=%2Fwp%2Fv2%2Fcomments&post=23405"}],"version-history":[{"count":1,"href":"https:\/\/www.egemtv.com\/index.php?rest_route=\/wp\/v2\/posts\/23405\/revisions"}],"predecessor-version":[{"id":23407,"href":"https:\/\/www.egemtv.com\/index.php?rest_route=\/wp\/v2\/posts\/23405\/revisions\/23407"}],"wp:featuredmedia":[{"embeddable":true,"href":"https:\/\/www.egemtv.com\/index.php?rest_route=\/wp\/v2\/media\/23406"}],"wp:attachment":[{"href":"https:\/\/www.egemtv.com\/index.php?rest_route=%2Fwp%2Fv2%2Fmedia&parent=23405"}],"wp:term":[{"taxonomy":"category","embeddable":true,"href":"https:\/\/www.egemtv.com\/index.php?rest_route=%2Fwp%2Fv2%2Fcategories&post=23405"},{"taxonomy":"post_tag","embeddable":true,"href":"https:\/\/www.egemtv.com\/index.php?rest_route=%2Fwp%2Fv2%2Ftags&post=23405"}],"curies":[{"name":"wp","href":"https:\/\/api.w.org\/{rel}","templated":true}]}}