{"id":23402,"date":"2025-03-01T18:25:48","date_gmt":"2025-03-01T15:25:48","guid":{"rendered":"https:\/\/www.egemtv.com\/?p=23402"},"modified":"2025-03-01T18:25:53","modified_gmt":"2025-03-01T15:25:53","slug":"kulaspor-deplasmanda-3-puanin-sahibi","status":"publish","type":"post","link":"https:\/\/www.egemtv.com\/?p=23402","title":{"rendered":"Kulaspor deplasmanda 3 puan\u0131n sahibi"},"content":{"rendered":"<p>2024-2025 Manisa S\u00fcper Amat\u00f6r Lig Salihli Grubu\u2019nda Kula\u2019y\u0131 temsil eden tak\u0131mlardan biri olan Kulaspor, 15. hafta m\u00fcsabakalar\u0131 kapsam\u0131nda K\u00f6pr\u00fcba\u015f\u0131 Belediye Gen\u00e7likspor\u2019a konuk oldu. K\u00f6pr\u00fcba\u015f\u0131 \u0130l\u00e7e Sahas\u0131\u2019nda oynanan m\u00fccadelede Kulaspor, rakibi K\u00f6pr\u00fcba\u015f\u0131 Belediye Gen\u00e7likspor\u2019u 3-0 ma\u011flup ederek 3 puan\u0131n sahibi oldu.<br \/>\n<br \/>2024 &#8211; 2025 Manisa S\u00fcper Amat\u00f6r Lig Salihli Grubu\u2019nda Kula\u2019y\u0131 temsil eden Kulaspor ekibi 15. hafta m\u00fcsabakalar\u0131 kapsam\u0131nda K\u00f6pr\u00fcba\u015f\u0131 Belediye Gen\u00e7likspor\u2019a konuk oldu. K\u00f6pr\u00fcba\u015f\u0131 \u0130l\u00e7e Sahas\u0131\u2019nda oynanan \u00e7eki\u015feli m\u00fccadelede Kula ekibi 17.dakikada Enes \u00c7ak\u0131r\u2019\u0131n buldu\u011fu golle kar\u015f\u0131la\u015fmaya 1-0 \u00f6nde ba\u015flad\u0131. Rakibi kar\u015f\u0131s\u0131nda kurdu\u011fu bask\u0131nl\u0131\u011f\u0131 elden b\u0131rakmayan Kulaspor Mutlu D\u00f6nmez\u2019in 28.dakikada buldu\u011fu golle fark\u0131 ikiye \u00e7\u0131kard\u0131. M\u00fccadelenin ilk yar\u0131s\u0131 Kulaspor\u2019un 2-0 \u00fcst\u00fcnl\u00fc\u011f\u00fcyle tamamland\u0131. Kar\u015f\u0131la\u015fman\u0131n ikinci devresinde Kulaspor ekibi, Mutlu D\u00f6nmez\u2019in  kendisinin ikinci tak\u0131m\u0131n\u0131n \u00fc\u00e7\u00fcnc\u00fc gol\u00fcn\u00fc atmas\u0131yla m\u00fccadeleden 3-0 galip ayr\u0131ld\u0131.<br \/>\n<br \/>\u00d6te yandan Kulaspor ekibi ligdeki puan\u0131n\u0131 25\u2019e y\u00fckselterek 3. s\u0131radaki yerini korudu.<br \/><\/p>\n","protected":false},"excerpt":{"rendered":"<p>2024-2025 Manisa S\u00fcper Amat\u00f6r Lig Salihli Grubu\u2019nda Kula\u2019y\u0131 temsil eden tak\u0131mlardan biri olan Kulaspor, 15. hafta m\u00fcsabakalar\u0131 kapsam\u0131nda K\u00f6pr\u00fcba\u015f\u0131 Belediye Gen\u00e7likspor\u2019a konuk oldu. K\u00f6pr\u00fcba\u015f\u0131 \u0130l\u00e7e Sahas\u0131\u2019nda oynanan m\u00fccadelede Kulaspor, rakibi K\u00f6pr\u00fcba\u015f\u0131 Belediye Gen\u00e7likspor\u2019u 3-0 ma\u011flup ederek 3 puan\u0131n sahibi oldu. 2024 &#8211; 2025 Manisa S\u00fcper Amat\u00f6r Lig Salihli Grubu\u2019nda Kula\u2019y\u0131 temsil eden Kulaspor ekibi 15&#8230;.<\/p>\n","protected":false},"author":1,"featured_media":23403,"comment_status":"open","ping_status":"open","sticky":false,"template":"","format":"standard","meta":{"_crdt_document":"","footnotes":""},"categories":[4],"tags":[],"class_list":["post-23402","post","type-post","status-publish","format-standard","has-post-thumbnail","hentry","category-spor"],"_links":{"self":[{"href":"https:\/\/www.egemtv.com\/index.php?rest_route=\/wp\/v2\/posts\/23402","targetHints":{"allow":["GET"]}}],"collection":[{"href":"https:\/\/www.egemtv.com\/index.php?rest_route=\/wp\/v2\/posts"}],"about":[{"href":"https:\/\/www.egemtv.com\/index.php?rest_route=\/wp\/v2\/types\/post"}],"author":[{"embeddable":true,"href":"https:\/\/www.egemtv.com\/index.php?rest_route=\/wp\/v2\/users\/1"}],"replies":[{"embeddable":true,"href":"https:\/\/www.egemtv.com\/index.php?rest_route=%2Fwp%2Fv2%2Fcomments&post=23402"}],"version-history":[{"count":1,"href":"https:\/\/www.egemtv.com\/index.php?rest_route=\/wp\/v2\/posts\/23402\/revisions"}],"predecessor-version":[{"id":23404,"href":"https:\/\/www.egemtv.com\/index.php?rest_route=\/wp\/v2\/posts\/23402\/revisions\/23404"}],"wp:featuredmedia":[{"embeddable":true,"href":"https:\/\/www.egemtv.com\/index.php?rest_route=\/wp\/v2\/media\/23403"}],"wp:attachment":[{"href":"https:\/\/www.egemtv.com\/index.php?rest_route=%2Fwp%2Fv2%2Fmedia&parent=23402"}],"wp:term":[{"taxonomy":"category","embeddable":true,"href":"https:\/\/www.egemtv.com\/index.php?rest_route=%2Fwp%2Fv2%2Fcategories&post=23402"},{"taxonomy":"post_tag","embeddable":true,"href":"https:\/\/www.egemtv.com\/index.php?rest_route=%2Fwp%2Fv2%2Ftags&post=23402"}],"curies":[{"name":"wp","href":"https:\/\/api.w.org\/{rel}","templated":true}]}}