{"id":23399,"date":"2025-03-01T18:06:19","date_gmt":"2025-03-01T15:06:19","guid":{"rendered":"https:\/\/www.egemtv.com\/?p=23399"},"modified":"2025-03-01T18:06:23","modified_gmt":"2025-03-01T15:06:23","slug":"park-halindeki-minibus-alev-alev-yandi","status":"publish","type":"post","link":"https:\/\/www.egemtv.com\/?p=23399","title":{"rendered":"Park halindeki minib\u00fcs alev alev yand\u0131"},"content":{"rendered":"<p>Mu\u011fla\u2019n\u0131n Bodrum il\u00e7esinde park halindeki bir minib\u00fcs alev alev yand\u0131. Yang\u0131n, itfaiye ekiplerince s\u00f6nd\u00fcr\u00fcld\u00fc.<br \/>\n<br \/>Yang\u0131n, Bodrum il\u00e7esi G\u00f6lk\u00f6y Mahallesi B\u00fclent Ecevit Caddesi \u00fczerinde meydana geldi. Edinilen bilgiye g\u00f6re, park halindeki yolcu minib\u00fcs\u00fcnde bilinmeyen bir nedenle yang\u0131n \u00e7\u0131kt\u0131. Motor b\u00f6l\u00fcm\u00fcnden ba\u015flayan alevler, k\u0131sa s\u00fcre b\u00fcy\u00fcyerek minib\u00fcs\u00fcn tamam\u0131n\u0131 sard\u0131. Alevleri g\u00f6ren vatanda\u015flar durumu 112 Acil \u00c7a\u011fr\u0131 Merkezi\u2019ne bildirdi. \u0130hbar \u00fczerine b\u00f6lgeye itfaiye ve polis ekipleri sevk edildi. K\u0131sa s\u00fcrede olay yerine gelen Bodrum \u0130tfaiye Grup Amirli\u011fi ekipleri alevlere m\u00fcdahale ederek yang\u0131n\u0131 s\u00f6nd\u00fcrd\u00fc. Alev topuna d\u00f6nen minib\u00fcs\u00fcn yang\u0131n sonras\u0131 hurda y\u0131\u011f\u0131n\u0131 haline geldi\u011fi g\u00f6r\u00fcld\u00fc. Ekipler so\u011futma \u00e7al\u0131\u015fmas\u0131 ger\u00e7ekle\u015ftirirken, yang\u0131nla ilgili inceleme ba\u015flat\u0131ld\u0131.<br \/><\/p>\n","protected":false},"excerpt":{"rendered":"<p>Mu\u011fla\u2019n\u0131n Bodrum il\u00e7esinde park halindeki bir minib\u00fcs alev alev yand\u0131. Yang\u0131n, itfaiye ekiplerince s\u00f6nd\u00fcr\u00fcld\u00fc. Yang\u0131n, Bodrum il\u00e7esi G\u00f6lk\u00f6y Mahallesi B\u00fclent Ecevit Caddesi \u00fczerinde meydana geldi. Edinilen bilgiye g\u00f6re, park halindeki yolcu minib\u00fcs\u00fcnde bilinmeyen bir nedenle yang\u0131n \u00e7\u0131kt\u0131. Motor b\u00f6l\u00fcm\u00fcnden ba\u015flayan alevler, k\u0131sa s\u00fcre b\u00fcy\u00fcyerek minib\u00fcs\u00fcn tamam\u0131n\u0131 sard\u0131. Alevleri g\u00f6ren vatanda\u015flar durumu 112 Acil \u00c7a\u011fr\u0131 Merkezi\u2019ne&#8230;<\/p>\n","protected":false},"author":1,"featured_media":23400,"comment_status":"open","ping_status":"open","sticky":false,"template":"","format":"standard","meta":{"_crdt_document":"","footnotes":""},"categories":[5],"tags":[],"class_list":["post-23399","post","type-post","status-publish","format-standard","has-post-thumbnail","hentry","category-asayis"],"_links":{"self":[{"href":"https:\/\/www.egemtv.com\/index.php?rest_route=\/wp\/v2\/posts\/23399","targetHints":{"allow":["GET"]}}],"collection":[{"href":"https:\/\/www.egemtv.com\/index.php?rest_route=\/wp\/v2\/posts"}],"about":[{"href":"https:\/\/www.egemtv.com\/index.php?rest_route=\/wp\/v2\/types\/post"}],"author":[{"embeddable":true,"href":"https:\/\/www.egemtv.com\/index.php?rest_route=\/wp\/v2\/users\/1"}],"replies":[{"embeddable":true,"href":"https:\/\/www.egemtv.com\/index.php?rest_route=%2Fwp%2Fv2%2Fcomments&post=23399"}],"version-history":[{"count":1,"href":"https:\/\/www.egemtv.com\/index.php?rest_route=\/wp\/v2\/posts\/23399\/revisions"}],"predecessor-version":[{"id":23401,"href":"https:\/\/www.egemtv.com\/index.php?rest_route=\/wp\/v2\/posts\/23399\/revisions\/23401"}],"wp:featuredmedia":[{"embeddable":true,"href":"https:\/\/www.egemtv.com\/index.php?rest_route=\/wp\/v2\/media\/23400"}],"wp:attachment":[{"href":"https:\/\/www.egemtv.com\/index.php?rest_route=%2Fwp%2Fv2%2Fmedia&parent=23399"}],"wp:term":[{"taxonomy":"category","embeddable":true,"href":"https:\/\/www.egemtv.com\/index.php?rest_route=%2Fwp%2Fv2%2Fcategories&post=23399"},{"taxonomy":"post_tag","embeddable":true,"href":"https:\/\/www.egemtv.com\/index.php?rest_route=%2Fwp%2Fv2%2Ftags&post=23399"}],"curies":[{"name":"wp","href":"https:\/\/api.w.org\/{rel}","templated":true}]}}