{"id":23396,"date":"2025-03-01T17:45:41","date_gmt":"2025-03-01T14:45:41","guid":{"rendered":"https:\/\/www.egemtv.com\/?p=23396"},"modified":"2025-03-01T17:45:44","modified_gmt":"2025-03-01T14:45:44","slug":"kucuk-nazlinin-cansiz-bedenine-27-saat-sonra-ulasildi","status":"publish","type":"post","link":"https:\/\/www.egemtv.com\/?p=23396","title":{"rendered":"K\u00fc\u00e7\u00fck Nazl\u0131\u2019n\u0131n cans\u0131z bedenine 27 saat sonra ula\u015f\u0131ld\u0131"},"content":{"rendered":"<p>Denizli\u2019de kaybolan minik Nazl\u0131\u2019n\u0131n cans\u0131z bedeni 27 saatlik araman\u0131n ard\u0131ndan dere kenar\u0131nda bulundu.<br \/>\n<br \/>Denizli\u2019nin Honaz il\u00e7esi Kocaba\u015f Mahallesi\u2019nde oyun oynarken kaybolan Nazl\u0131 \u015ee\u015fen (4) i\u00e7in yap\u0131lan arama \u00e7al\u0131\u015fmalar\u0131nda minik \u00e7ocu\u011fun cans\u0131z bedenine ula\u015f\u0131ld\u0131. D\u00fcn \u00f6\u011flen saat 12.00 s\u0131ralar\u0131nda kaybolan k\u00fc\u00e7\u00fck k\u0131z\u0131n cesedi, Aksu Deresi kenar\u0131nda bulundu. Dere kenar\u0131nda bulunan terlikleri \u00fczerine dereye d\u00fc\u015ft\u00fc\u011f\u00fc de\u011ferlendirilen k\u00fc\u00e7\u00fck Nazl\u0131\u2019n\u0131n dere boyunca yap\u0131lan aramalar\u0131nda, \u00f6\u011fleden sonra 15.30 s\u0131ralar\u0131nda dalg\u0131\u00e7lar taraf\u0131ndan kayboldu\u011fu noktadan 5 kilometre uzakl\u0131kta tespit edildi. Denizli B\u00fcy\u00fck\u015fehir Belediyesi \u0130tfaiyesi dalg\u0131\u00e7lar\u0131 taraf\u0131ndan sudan \u00e7\u0131kart\u0131lan minik k\u0131z\u0131n cans\u0131z bedeni olay yerinde yap\u0131lan incelemeler sonras\u0131nda otopsi i\u00e7in Adli T\u0131p Kurumuna sevk edilecek.<br \/><\/p>\n","protected":false},"excerpt":{"rendered":"<p>Denizli\u2019de kaybolan minik Nazl\u0131\u2019n\u0131n cans\u0131z bedeni 27 saatlik araman\u0131n ard\u0131ndan dere kenar\u0131nda bulundu. Denizli\u2019nin Honaz il\u00e7esi Kocaba\u015f Mahallesi\u2019nde oyun oynarken kaybolan Nazl\u0131 \u015ee\u015fen (4) i\u00e7in yap\u0131lan arama \u00e7al\u0131\u015fmalar\u0131nda minik \u00e7ocu\u011fun cans\u0131z bedenine ula\u015f\u0131ld\u0131. D\u00fcn \u00f6\u011flen saat 12.00 s\u0131ralar\u0131nda kaybolan k\u00fc\u00e7\u00fck k\u0131z\u0131n cesedi, Aksu Deresi kenar\u0131nda bulundu. Dere kenar\u0131nda bulunan terlikleri \u00fczerine dereye d\u00fc\u015ft\u00fc\u011f\u00fc de\u011ferlendirilen k\u00fc\u00e7\u00fck&#8230;<\/p>\n","protected":false},"author":1,"featured_media":23397,"comment_status":"open","ping_status":"open","sticky":false,"template":"","format":"standard","meta":{"_crdt_document":"","footnotes":""},"categories":[5],"tags":[],"class_list":["post-23396","post","type-post","status-publish","format-standard","has-post-thumbnail","hentry","category-asayis"],"_links":{"self":[{"href":"https:\/\/www.egemtv.com\/index.php?rest_route=\/wp\/v2\/posts\/23396","targetHints":{"allow":["GET"]}}],"collection":[{"href":"https:\/\/www.egemtv.com\/index.php?rest_route=\/wp\/v2\/posts"}],"about":[{"href":"https:\/\/www.egemtv.com\/index.php?rest_route=\/wp\/v2\/types\/post"}],"author":[{"embeddable":true,"href":"https:\/\/www.egemtv.com\/index.php?rest_route=\/wp\/v2\/users\/1"}],"replies":[{"embeddable":true,"href":"https:\/\/www.egemtv.com\/index.php?rest_route=%2Fwp%2Fv2%2Fcomments&post=23396"}],"version-history":[{"count":1,"href":"https:\/\/www.egemtv.com\/index.php?rest_route=\/wp\/v2\/posts\/23396\/revisions"}],"predecessor-version":[{"id":23398,"href":"https:\/\/www.egemtv.com\/index.php?rest_route=\/wp\/v2\/posts\/23396\/revisions\/23398"}],"wp:featuredmedia":[{"embeddable":true,"href":"https:\/\/www.egemtv.com\/index.php?rest_route=\/wp\/v2\/media\/23397"}],"wp:attachment":[{"href":"https:\/\/www.egemtv.com\/index.php?rest_route=%2Fwp%2Fv2%2Fmedia&parent=23396"}],"wp:term":[{"taxonomy":"category","embeddable":true,"href":"https:\/\/www.egemtv.com\/index.php?rest_route=%2Fwp%2Fv2%2Fcategories&post=23396"},{"taxonomy":"post_tag","embeddable":true,"href":"https:\/\/www.egemtv.com\/index.php?rest_route=%2Fwp%2Fv2%2Ftags&post=23396"}],"curies":[{"name":"wp","href":"https:\/\/api.w.org\/{rel}","templated":true}]}}