{"id":23393,"date":"2025-03-01T17:45:36","date_gmt":"2025-03-01T14:45:36","guid":{"rendered":"https:\/\/www.egemtv.com\/?p=23393"},"modified":"2025-03-01T17:45:40","modified_gmt":"2025-03-01T14:45:40","slug":"demircide-ihtiyac-sahibi-vatandaslarin-evlerine-iftar-servisi","status":"publish","type":"post","link":"https:\/\/www.egemtv.com\/?p=23393","title":{"rendered":"Demirci\u2019de ihtiya\u00e7 sahibi vatanda\u015flar\u0131n evlerine iftar servisi"},"content":{"rendered":"<p>Demirci Belediyesi, T\u00fcrk K\u0131z\u0131lay, \u0130l\u00e7e Sosyal Yard\u0131mla\u015fma ve Dayan\u0131\u015fma Vakf\u0131 ve \u0130l\u00e7e Tar\u0131m M\u00fcd\u00fcrl\u00fc\u011f\u00fc i\u015f birli\u011fiyle Ramazan ay\u0131 boyunca ihtiya\u00e7 sahibi, kimsesiz ve hasta vatanda\u015flara s\u0131cak iftar yeme\u011fi da\u011f\u0131t\u0131m\u0131na ba\u015fland\u0131. Demirci Belediyesi a\u015fevinde haz\u0131rlanan 3 \u00e7e\u015fitlik iftar yemekleri, olu\u015fturulan 3 ekip arac\u0131l\u0131\u011f\u0131yla 300 vatanda\u015f\u0131n evine kadar ula\u015ft\u0131r\u0131l\u0131yor.<br \/>\n<br \/>Manisa\u2019n\u0131n Demirci il\u00e7esinde Ramazan ay\u0131 boyunca ihtiya\u00e7 sahibi, kimsesiz ve hasta vatanda\u015flara s\u0131cak iftar yeme\u011fi ula\u015ft\u0131r\u0131lacak. Demirci Belediyesi, T\u00fcrk K\u0131z\u0131lay, \u0130l\u00e7e Sosyal Yard\u0131mla\u015fma ve Dayan\u0131\u015fma Vakf\u0131 ve \u0130l\u00e7e Tar\u0131m M\u00fcd\u00fcrl\u00fc\u011f\u00fc i\u015f birli\u011fiyle ger\u00e7ekle\u015ftirilen \u00e7al\u0131\u015fmada, belediyenin a\u015fevinde tamamen hijyen kurallar\u0131na uyularak haz\u0131rlanan yemekler, g\u00f6revli personellerce paketlenerek, 300 vatanda\u015f\u0131n evlerine kadar iftardan bir saat \u00f6ncesi servis ediliyor. Demirci Belediye Ba\u015fkan\u0131 Erkan Kara, Ramazan ay\u0131 boyunca 300 vatanda\u015fa her g\u00fcn 3 \u00e7e\u015fit yemekten olu\u015fan iftar men\u00fcs\u00fcn\u00fc ula\u015ft\u0131racaklar\u0131n\u0131 belirterek, &#8220;Ramazan ay\u0131, yard\u0131mla\u015fma ve dayan\u0131\u015fman\u0131n g\u00fc\u00e7l\u00fc oldu\u011fu, manevi hissiyat\u0131m\u0131z\u0131n en y\u00fckseklere \u00e7\u0131kt\u0131\u011f\u0131 m\u00fcbarek bir ayd\u0131r. Bizler de Demirci Belediyesi ve ilgili kurumlar\u0131n i\u015f birli\u011fi halinde bu anlaml\u0131 hizmeti ger\u00e7ekle\u015ftiriyoruz. A\u015fevimizde hijyen kurallar\u0131na uygun \u015fekilde haz\u0131rlanan yemekler, iftardan bir saat \u00f6nce vatanda\u015flar\u0131m\u0131z\u0131n evlerine s\u0131cak olarak teslim ediliyor. Bu sayede, ihtiya\u00e7 sahibi ailelerimizin Ramazan ay\u0131n\u0131 daha huzurlu ve bereketli ge\u00e7irmelerine katk\u0131da bulunmay\u0131 hedefliyoruz. Ayr\u0131ca, bu hizmetle birlikte dayan\u0131\u015fma ruhunu peki\u015ftirerek, toplumsal ba\u011flar\u0131m\u0131z\u0131 g\u00fc\u00e7lendirmeyi ama\u00e7l\u0131yoruz. Ramazan ay\u0131 sonras\u0131nda da bu yemek servisimiz devam edecektir. Bu vesileyle t\u00fcm \u0130slam Alemi\u2019nin Ramazan ay\u0131n\u0131 kutluyorum&#8221; dedi.<br \/>\n<br \/>Evlere iftarl\u0131k da\u011f\u0131tan belediye personeli, ayn\u0131 zamanda vatanda\u015flar\u0131n sorun ve taleplerini de dinleyerek, ilgili birimlere iletiyor.<br \/><\/p>\n","protected":false},"excerpt":{"rendered":"<p>Demirci Belediyesi, T\u00fcrk K\u0131z\u0131lay, \u0130l\u00e7e Sosyal Yard\u0131mla\u015fma ve Dayan\u0131\u015fma Vakf\u0131 ve \u0130l\u00e7e Tar\u0131m M\u00fcd\u00fcrl\u00fc\u011f\u00fc i\u015f birli\u011fiyle Ramazan ay\u0131 boyunca ihtiya\u00e7 sahibi, kimsesiz ve hasta vatanda\u015flara s\u0131cak iftar yeme\u011fi da\u011f\u0131t\u0131m\u0131na ba\u015fland\u0131. Demirci Belediyesi a\u015fevinde haz\u0131rlanan 3 \u00e7e\u015fitlik iftar yemekleri, olu\u015fturulan 3 ekip arac\u0131l\u0131\u011f\u0131yla 300 vatanda\u015f\u0131n evine kadar ula\u015ft\u0131r\u0131l\u0131yor. Manisa\u2019n\u0131n Demirci il\u00e7esinde Ramazan ay\u0131 boyunca ihtiya\u00e7 sahibi,&#8230;<\/p>\n","protected":false},"author":1,"featured_media":23394,"comment_status":"open","ping_status":"open","sticky":false,"template":"","format":"standard","meta":{"_crdt_document":"","footnotes":""},"categories":[123],"tags":[],"class_list":["post-23393","post","type-post","status-publish","format-standard","has-post-thumbnail","hentry","category-gundem"],"_links":{"self":[{"href":"https:\/\/www.egemtv.com\/index.php?rest_route=\/wp\/v2\/posts\/23393","targetHints":{"allow":["GET"]}}],"collection":[{"href":"https:\/\/www.egemtv.com\/index.php?rest_route=\/wp\/v2\/posts"}],"about":[{"href":"https:\/\/www.egemtv.com\/index.php?rest_route=\/wp\/v2\/types\/post"}],"author":[{"embeddable":true,"href":"https:\/\/www.egemtv.com\/index.php?rest_route=\/wp\/v2\/users\/1"}],"replies":[{"embeddable":true,"href":"https:\/\/www.egemtv.com\/index.php?rest_route=%2Fwp%2Fv2%2Fcomments&post=23393"}],"version-history":[{"count":1,"href":"https:\/\/www.egemtv.com\/index.php?rest_route=\/wp\/v2\/posts\/23393\/revisions"}],"predecessor-version":[{"id":23395,"href":"https:\/\/www.egemtv.com\/index.php?rest_route=\/wp\/v2\/posts\/23393\/revisions\/23395"}],"wp:featuredmedia":[{"embeddable":true,"href":"https:\/\/www.egemtv.com\/index.php?rest_route=\/wp\/v2\/media\/23394"}],"wp:attachment":[{"href":"https:\/\/www.egemtv.com\/index.php?rest_route=%2Fwp%2Fv2%2Fmedia&parent=23393"}],"wp:term":[{"taxonomy":"category","embeddable":true,"href":"https:\/\/www.egemtv.com\/index.php?rest_route=%2Fwp%2Fv2%2Fcategories&post=23393"},{"taxonomy":"post_tag","embeddable":true,"href":"https:\/\/www.egemtv.com\/index.php?rest_route=%2Fwp%2Fv2%2Ftags&post=23393"}],"curies":[{"name":"wp","href":"https:\/\/api.w.org\/{rel}","templated":true}]}}