{"id":23387,"date":"2025-03-01T17:45:30","date_gmt":"2025-03-01T14:45:30","guid":{"rendered":"https:\/\/www.egemtv.com\/?p=23387"},"modified":"2025-03-01T17:45:33","modified_gmt":"2025-03-01T14:45:33","slug":"sokede-8-mart-etkinlikleri-tulay-ustundag-soylesisi-ile-basladi","status":"publish","type":"post","link":"https:\/\/www.egemtv.com\/?p=23387","title":{"rendered":"S\u00f6ke\u2019de 8 Mart etkinlikleri T\u00fclay \u00dcst\u00fcnda\u011f S\u00f6yle\u015fisi ile ba\u015flad\u0131"},"content":{"rendered":"<p>S\u00f6ke Kent Konseyi Kad\u0131n Meclisi taraf\u0131ndan S\u00f6ke Belediyesi\u2019nin katk\u0131lar\u0131yla d\u00fczenlenen 8 Mart D\u00fcnya Emek\u00e7i Kad\u0131nlar G\u00fcn\u00fc etkinlikleri, s\u00f6yle\u015fi ile ba\u015flad\u0131. Efes K\u00fclt\u00fcr Merkezi\u2019nde ger\u00e7ekle\u015fen ilk etkinlikte, T\u00fclay \u00dcst\u00fcnda\u011f konuk olarak yer ald\u0131. &#8220;Kentlilik ve G\u00f6n\u00fcll\u00fcl\u00fck&#8221; konulu s\u00f6yle\u015fide, kentli olman\u0131n ve toplum i\u00e7inde g\u00f6n\u00fcll\u00fcl\u00fck faaliyetlerinin \u00f6nemi vurguland\u0131.<\/p>\n<p>Etkinli\u011fin ilk g\u00fcn\u00fcnde herkesin Ramazan ay\u0131n\u0131 kutlayarak s\u00f6zlerine ba\u015flayan S\u00f6ke Kent Konseyi Ba\u015fkan\u0131 Dilber \u00d6zg\u00fcn yapt\u0131\u011f\u0131 a\u00e7\u0131l\u0131\u015f konu\u015fmas\u0131nda, &#8220;Bug\u00fcn burada toplumsal bir varl\u0131k olan insan i\u00e7in, b\u00fcy\u00fck \u00f6nem ta\u015f\u0131yan kentlilik ve g\u00f6n\u00fcll\u00fcl\u00fck kavramlar\u0131n\u0131 derinlemesine konu\u015fmak i\u00e7in bir araday\u0131z. Yo\u011fun program\u0131 aras\u0131nda bizleri k\u0131rmay\u0131p, S\u00f6ke\u2019ye gelen Dr. T\u00fclay \u00dcst\u00fcnda\u011f Hocam\u0131za \u00e7ok te\u015fekk\u00fcr ediyorum&#8221; dedi.<\/p>\n<p>Konu\u015fmas\u0131n\u0131n ba\u015f\u0131nda S\u00f6ke\u2019yi baba oca\u011f\u0131 olarak g\u00f6rd\u00fc\u011f\u00fcn\u00fc, burada \u00e7ok g\u00fczel hat\u0131ralar\u0131n\u0131n oldu\u011funu belirten konu\u015fmac\u0131 T\u00fclay \u00dcst\u00fcnda\u011f, S\u00f6kelilerle bulu\u015fmaktan duydu\u011fu memnuniyeti dile getirdi. G\u00f6n\u00fcll\u00fcl\u00fck ve kentlilik bilincini \u00f6rneklerle ve keyifli bir sunum ile anlatan \u00dcst\u00fcnda\u011f; seyircinin interaktif kat\u0131l\u0131m\u0131yla da zaman zaman s\u00f6yle\u015fiyi renklendirdi.<\/p>\n<p>Etkinlikler hafta boyuncaa devam edecek<br \/>\n<br \/>Hafta boyunca devam edecek etkinlikler kapsam\u0131nda, 4 Mart Sal\u0131 g\u00fcn\u00fc S\u00f6keli Kad\u0131n Giri\u015fimcilerin konu\u015fmac\u0131 olaca\u011f\u0131 bir s\u00f6yle\u015fi daha ger\u00e7ekle\u015fecek. 6 Mart Per\u015fembe g\u00fcn\u00fc ise e\u011fitmen Burcu Tun\u00e7er rehberli\u011finde \u2019Nefes ve Yoga E\u011fitimi\u2019 d\u00fczenlenecek. 8 Mart Cumartesi g\u00fcn\u00fc, H\u00fck\u00fcmet Meydan\u0131\u2019ndan ba\u015flayacak bir y\u00fcr\u00fcy\u00fc\u015f ve bas\u0131n a\u00e7\u0131klamas\u0131 yap\u0131lacak. Ayn\u0131 ak\u015fam, Efes K\u00fclt\u00fcr Merkezi\u2019nde ger\u00e7ekle\u015fecek \u2019Ritim ve Dans Gecesi\u2019 ile etkinlikler son bulacak. Bu g\u00f6steride bir\u00e7ok dans ve ritim grubu sahne alarak kat\u0131l\u0131mc\u0131lara unutulmaz bir gece ya\u015fatacak. T\u00fcm S\u00f6ke halk\u0131n\u0131n davetli oldu\u011fu etkinlikler, 8 Mart D\u00fcnya Emek\u00e7i Kad\u0131nlar G\u00fcn\u00fc\u2019n\u00fcn anlam ve \u00f6nemine dikkat \u00e7ekmek amac\u0131yla ger\u00e7ekle\u015ftiriliyor.<br \/><\/p>\n","protected":false},"excerpt":{"rendered":"<p>S\u00f6ke Kent Konseyi Kad\u0131n Meclisi taraf\u0131ndan S\u00f6ke Belediyesi\u2019nin katk\u0131lar\u0131yla d\u00fczenlenen 8 Mart D\u00fcnya Emek\u00e7i Kad\u0131nlar G\u00fcn\u00fc etkinlikleri, s\u00f6yle\u015fi ile ba\u015flad\u0131. Efes K\u00fclt\u00fcr Merkezi\u2019nde ger\u00e7ekle\u015fen ilk etkinlikte, T\u00fclay \u00dcst\u00fcnda\u011f konuk olarak yer ald\u0131. &#8220;Kentlilik ve G\u00f6n\u00fcll\u00fcl\u00fck&#8221; konulu s\u00f6yle\u015fide, kentli olman\u0131n ve toplum i\u00e7inde g\u00f6n\u00fcll\u00fcl\u00fck faaliyetlerinin \u00f6nemi vurguland\u0131. Etkinli\u011fin ilk g\u00fcn\u00fcnde herkesin Ramazan ay\u0131n\u0131 kutlayarak s\u00f6zlerine ba\u015flayan&#8230;<\/p>\n","protected":false},"author":1,"featured_media":23388,"comment_status":"open","ping_status":"open","sticky":false,"template":"","format":"standard","meta":{"_crdt_document":"","footnotes":""},"categories":[1],"tags":[],"class_list":["post-23387","post","type-post","status-publish","format-standard","has-post-thumbnail","hentry","category-guncel"],"_links":{"self":[{"href":"https:\/\/www.egemtv.com\/index.php?rest_route=\/wp\/v2\/posts\/23387","targetHints":{"allow":["GET"]}}],"collection":[{"href":"https:\/\/www.egemtv.com\/index.php?rest_route=\/wp\/v2\/posts"}],"about":[{"href":"https:\/\/www.egemtv.com\/index.php?rest_route=\/wp\/v2\/types\/post"}],"author":[{"embeddable":true,"href":"https:\/\/www.egemtv.com\/index.php?rest_route=\/wp\/v2\/users\/1"}],"replies":[{"embeddable":true,"href":"https:\/\/www.egemtv.com\/index.php?rest_route=%2Fwp%2Fv2%2Fcomments&post=23387"}],"version-history":[{"count":1,"href":"https:\/\/www.egemtv.com\/index.php?rest_route=\/wp\/v2\/posts\/23387\/revisions"}],"predecessor-version":[{"id":23389,"href":"https:\/\/www.egemtv.com\/index.php?rest_route=\/wp\/v2\/posts\/23387\/revisions\/23389"}],"wp:featuredmedia":[{"embeddable":true,"href":"https:\/\/www.egemtv.com\/index.php?rest_route=\/wp\/v2\/media\/23388"}],"wp:attachment":[{"href":"https:\/\/www.egemtv.com\/index.php?rest_route=%2Fwp%2Fv2%2Fmedia&parent=23387"}],"wp:term":[{"taxonomy":"category","embeddable":true,"href":"https:\/\/www.egemtv.com\/index.php?rest_route=%2Fwp%2Fv2%2Fcategories&post=23387"},{"taxonomy":"post_tag","embeddable":true,"href":"https:\/\/www.egemtv.com\/index.php?rest_route=%2Fwp%2Fv2%2Ftags&post=23387"}],"curies":[{"name":"wp","href":"https:\/\/api.w.org\/{rel}","templated":true}]}}