{"id":23384,"date":"2025-03-01T17:45:24","date_gmt":"2025-03-01T14:45:24","guid":{"rendered":"https:\/\/www.egemtv.com\/?p=23384"},"modified":"2025-03-01T17:45:29","modified_gmt":"2025-03-01T14:45:29","slug":"baskan-yildirimkayadan-sezonun-son-deve-guresine-davet","status":"publish","type":"post","link":"https:\/\/www.egemtv.com\/?p=23384","title":{"rendered":"Ba\u015fkan Y\u0131ld\u0131r\u0131mkaya\u2019dan sezonun son deve g\u00fcre\u015fine davet"},"content":{"rendered":"<p>Ayd\u0131n\u2019\u0131n Sultanhisar il\u00e7esine ba\u011fl\u0131 At\u00e7a Mahallesi\u2019nde sezonun son deve g\u00fcre\u015fi yar\u0131n yap\u0131lacak. Belediye Ba\u015fkan\u0131 Osman Y\u0131ld\u0131r\u0131mkaya, g\u00fcre\u015fseverleri sezonun son deve g\u00fcre\u015fine davet etti.<\/p>\n<p>Ayd\u0131n\u2019\u0131n Sultanhisar il\u00e7esinin en b\u00fcy\u00fck mahallesi olan At\u00e7a Mahallesi\u2019nde 2 Mart 2025 Pazar g\u00fcn\u00fc 28. Geleneksel Sultanhisar At\u00e7a Geleneksel Deve G\u00fcre\u015fi Festivali d\u00fczenlenecek. At\u00e7a Mahallesi\u2019nde her y\u0131l co\u015fkuyla d\u00fczenlenen geleneksel deve g\u00fcre\u015fi festivali bu y\u0131l da d\u00fczenlenecek. 2 Mart 2025 Pazar g\u00fcn\u00fc At\u00e7a Arenas\u0131\u2019nda yap\u0131lacak olan g\u00fcre\u015fler saat 10.00\u2019da ba\u015flayacak.<\/p>\n<p>&#8220;Derne\u011fimiz d\u00fczenliyor&#8221;<br \/>\n<br \/>Halka a\u00e7\u0131k olarak \u00fccretsiz \u015fekilde d\u00fczenlenecek olan festivale vatanda\u015flar\u0131 davet eden Sultanhisar Belediye Ba\u015fkan\u0131 Osman Y\u0131ld\u0131r\u0131mkaya; &#8220;Festivallerimiz, k\u00fclt\u00fcr\u00fcm\u00fcz\u00fc ya\u015fatman\u0131n ve geleneklerimizi gelecek nesillere aktarman\u0131n en g\u00fczel yollar\u0131ndan biridir. Belediyemizin b\u00fct\u00e7esinin olmamas\u0131 nedeniyle g\u00fcre\u015fleri Deve G\u00fcre\u015fi Sevenler Derne\u011fi d\u00fczenliyor. Biz de belediye olarak destek veriyoruz. Bu y\u0131l da geleneksel deve g\u00fcre\u015fi festivalimizi At\u00e7a Mahallemizde b\u00fcy\u00fck bir co\u015fku ve heyecanla ger\u00e7ekle\u015ftirece\u011fiz. Halk\u0131m\u0131z\u0131n b\u00fcy\u00fck bir zevkle izledi\u011fi geleneksel k\u00fclt\u00fcr\u00fcm\u00fcz\u00fc ya\u015fatmak ad\u0131na yakla\u015f\u0131k 184 deve g\u00fcre\u015flere kat\u0131lacak. Hem\u015fehrilerimizle birlikte unutulmaz anlar ya\u015famak i\u00e7in t\u00fcm Ayd\u0131nl\u0131lar\u0131 festivalimize davet ediyorum&#8221; dedi.<\/p>\n<p>&#8220;Ramazan ay\u0131na denk geldi&#8221;<br \/>\n<br \/>Bu seneki g\u00fcre\u015flerin Ramazan ay\u0131n\u0131n ba\u015f\u0131na denk geldi\u011fini ifade eden Ba\u015fkan Y\u0131ld\u0131r\u0131mkaya; &#8220;K\u00fclt\u00fcr\u00fcm\u00fcz\u00fc ya\u015fatmak ad\u0131na g\u00fcre\u015flerimizi yapaca\u011f\u0131z. Her y\u0131l 10 g\u00fcn \u00f6ne gelen Ramazan ay\u0131 bu sefer sezonun son g\u00fcre\u015fine denk geldi. Kar\u015f\u0131l\u0131kl\u0131 sayg\u0131 \u00e7er\u00e7evesinde tats\u0131zl\u0131klar \u00e7\u0131kmadan g\u00fcre\u015flerimizin yap\u0131lmas\u0131n\u0131 arzu ediyoruz. \u00d6n\u00fcm\u00fczdeki y\u0131llarda da zaten ramazan Ay\u0131 tamamen sezonun ortas\u0131na gelecek. Bu s\u00fcre zarf\u0131nda geleneklerimizi ya\u015fatmaya devam edece\u011fiz&#8221; \u015feklinde konu\u015ftu.<br \/><\/p>\n","protected":false},"excerpt":{"rendered":"<p>Ayd\u0131n\u2019\u0131n Sultanhisar il\u00e7esine ba\u011fl\u0131 At\u00e7a Mahallesi\u2019nde sezonun son deve g\u00fcre\u015fi yar\u0131n yap\u0131lacak. Belediye Ba\u015fkan\u0131 Osman Y\u0131ld\u0131r\u0131mkaya, g\u00fcre\u015fseverleri sezonun son deve g\u00fcre\u015fine davet etti. Ayd\u0131n\u2019\u0131n Sultanhisar il\u00e7esinin en b\u00fcy\u00fck mahallesi olan At\u00e7a Mahallesi\u2019nde 2 Mart 2025 Pazar g\u00fcn\u00fc 28. Geleneksel Sultanhisar At\u00e7a Geleneksel Deve G\u00fcre\u015fi Festivali d\u00fczenlenecek. At\u00e7a Mahallesi\u2019nde her y\u0131l co\u015fkuyla d\u00fczenlenen geleneksel deve g\u00fcre\u015fi&#8230;<\/p>\n","protected":false},"author":1,"featured_media":23385,"comment_status":"open","ping_status":"open","sticky":false,"template":"","format":"standard","meta":{"_crdt_document":"","footnotes":""},"categories":[1],"tags":[],"class_list":["post-23384","post","type-post","status-publish","format-standard","has-post-thumbnail","hentry","category-guncel"],"_links":{"self":[{"href":"https:\/\/www.egemtv.com\/index.php?rest_route=\/wp\/v2\/posts\/23384","targetHints":{"allow":["GET"]}}],"collection":[{"href":"https:\/\/www.egemtv.com\/index.php?rest_route=\/wp\/v2\/posts"}],"about":[{"href":"https:\/\/www.egemtv.com\/index.php?rest_route=\/wp\/v2\/types\/post"}],"author":[{"embeddable":true,"href":"https:\/\/www.egemtv.com\/index.php?rest_route=\/wp\/v2\/users\/1"}],"replies":[{"embeddable":true,"href":"https:\/\/www.egemtv.com\/index.php?rest_route=%2Fwp%2Fv2%2Fcomments&post=23384"}],"version-history":[{"count":1,"href":"https:\/\/www.egemtv.com\/index.php?rest_route=\/wp\/v2\/posts\/23384\/revisions"}],"predecessor-version":[{"id":23386,"href":"https:\/\/www.egemtv.com\/index.php?rest_route=\/wp\/v2\/posts\/23384\/revisions\/23386"}],"wp:featuredmedia":[{"embeddable":true,"href":"https:\/\/www.egemtv.com\/index.php?rest_route=\/wp\/v2\/media\/23385"}],"wp:attachment":[{"href":"https:\/\/www.egemtv.com\/index.php?rest_route=%2Fwp%2Fv2%2Fmedia&parent=23384"}],"wp:term":[{"taxonomy":"category","embeddable":true,"href":"https:\/\/www.egemtv.com\/index.php?rest_route=%2Fwp%2Fv2%2Fcategories&post=23384"},{"taxonomy":"post_tag","embeddable":true,"href":"https:\/\/www.egemtv.com\/index.php?rest_route=%2Fwp%2Fv2%2Ftags&post=23384"}],"curies":[{"name":"wp","href":"https:\/\/api.w.org\/{rel}","templated":true}]}}