{"id":23378,"date":"2025-03-01T16:28:38","date_gmt":"2025-03-01T13:28:38","guid":{"rendered":"https:\/\/www.egemtv.com\/?p=23378"},"modified":"2025-03-01T16:28:42","modified_gmt":"2025-03-01T13:28:42","slug":"tamircilere-kizan-kadin-aracini-benzin-dokerek-yakti","status":"publish","type":"post","link":"https:\/\/www.egemtv.com\/?p=23378","title":{"rendered":"Tamircilere k\u0131zan kad\u0131n arac\u0131n\u0131 benzin d\u00f6kerek yakt\u0131"},"content":{"rendered":"<p>Ayd\u0131n\u2019\u0131n Nazilli il\u00e7esinde arabas\u0131n\u0131 bir t\u00fcrl\u00fc tamir ettiremedi\u011fini iddia eden bir kad\u0131n, bo\u015f bir arazide arac\u0131n\u0131 benzin d\u00f6kerek yakt\u0131.<br \/>\n<br \/>Olay, Nazilli il\u00e7esi \u015eirinevler Mahallesi Kapal\u0131 Pazar Yeri yak\u0131n\u0131ndaki bo\u015f arazide meydan geldi. Edinilen bilgiye g\u00f6re \u0130.\u00d6. isimli bir kad\u0131n, iddiaya g\u00f6re kendisine ait olan 48 PL 299 plakal\u0131 arac\u0131n\u0131 il\u00e7edeki bir\u00e7ok tamir ustas\u0131na g\u00f6t\u00fcrd\u00fc. Arac\u0131n\u0131n bir t\u00fcrl\u00fc tamir edilmedi\u011fini ve ustalar\u0131n sadece para ald\u0131\u011f\u0131n\u0131 s\u00f6yleyen kad\u0131n, duruma tepki g\u00f6sterdi. Arac\u0131n\u0131 bo\u015f bir araziye getiren \u0130.\u00d6., park etti\u011fi arac\u0131n\u0131 benzin d\u00f6kerek ate\u015fe verdi. O anlar\u0131 canl\u0131 yay\u0131n a\u00e7arak cep telefonu ile kaydeden kad\u0131n, oto tamircilerine isyan ederek \u2019Evet, hep s\u00f6yl\u00fcyordum. \u015eakayd\u0131 \u015fimdiye kadar. Art\u0131k ger\u00e7ek oldu. Nazilli\u2019deki hi\u00e7 bir tamirci bu arabay\u0131 do\u011fru d\u00fczg\u00fcn tamir edemedi. Para ald\u0131lar. Ba\u015fka yapt\u0131klar\u0131 hi\u00e7 bir \u015fey yok. Ben ekme\u011fimi bu arabayla kazan\u0131yorum. Beni tan\u0131mayan\u0131n\u0131z yoktur. \u015eimdi g\u00f6rsel bir \u015f\u00f6lene haz\u0131r olun. \u015eakayd\u0131, ger\u00e7ek oldu. Bu arabay\u0131 yakaca\u011f\u0131m. Bu arabay\u0131 bana ald\u0131ran, satan, tamir edemeyen kim varsa onlara ibret olsun. Hakk\u0131m helal de\u011fil&#8221; dedi. Arac\u0131na benzin d\u00f6ken ve daha sonra ate\u015fe veren kad\u0131n, o anlar\u0131 sosyal medyada payla\u015ft\u0131. Alevleri g\u00f6ren \u00e7evredeki vatanda\u015flar durumu 112 Acil \u00c7a\u011fr\u0131 Merkezi\u2019ne bildirdi. \u0130hbar \u00fczerine b\u00f6lgeye polis ve itfaiye ekipleri sevk edildi. K\u0131sa s\u00fcrede olay yerine gelen itfaiye ekipleri, alevlere m\u00fcdahale ederek yang\u0131n\u0131 s\u00f6nd\u00fcrd\u00fc. Tamircilere sinirlenen kad\u0131n, polis ekipleri taraf\u0131ndan sakinle\u015ftirilirken, olayla ilgili inceleme ba\u015flat\u0131ld\u0131.<br \/><\/p>\n","protected":false},"excerpt":{"rendered":"<p>Ayd\u0131n\u2019\u0131n Nazilli il\u00e7esinde arabas\u0131n\u0131 bir t\u00fcrl\u00fc tamir ettiremedi\u011fini iddia eden bir kad\u0131n, bo\u015f bir arazide arac\u0131n\u0131 benzin d\u00f6kerek yakt\u0131. Olay, Nazilli il\u00e7esi \u015eirinevler Mahallesi Kapal\u0131 Pazar Yeri yak\u0131n\u0131ndaki bo\u015f arazide meydan geldi. Edinilen bilgiye g\u00f6re \u0130.\u00d6. isimli bir kad\u0131n, iddiaya g\u00f6re kendisine ait olan 48 PL 299 plakal\u0131 arac\u0131n\u0131 il\u00e7edeki bir\u00e7ok tamir ustas\u0131na g\u00f6t\u00fcrd\u00fc. Arac\u0131n\u0131n&#8230;<\/p>\n","protected":false},"author":1,"featured_media":23379,"comment_status":"open","ping_status":"open","sticky":false,"template":"","format":"standard","meta":{"_crdt_document":"","footnotes":""},"categories":[5],"tags":[],"class_list":["post-23378","post","type-post","status-publish","format-standard","has-post-thumbnail","hentry","category-asayis"],"_links":{"self":[{"href":"https:\/\/www.egemtv.com\/index.php?rest_route=\/wp\/v2\/posts\/23378","targetHints":{"allow":["GET"]}}],"collection":[{"href":"https:\/\/www.egemtv.com\/index.php?rest_route=\/wp\/v2\/posts"}],"about":[{"href":"https:\/\/www.egemtv.com\/index.php?rest_route=\/wp\/v2\/types\/post"}],"author":[{"embeddable":true,"href":"https:\/\/www.egemtv.com\/index.php?rest_route=\/wp\/v2\/users\/1"}],"replies":[{"embeddable":true,"href":"https:\/\/www.egemtv.com\/index.php?rest_route=%2Fwp%2Fv2%2Fcomments&post=23378"}],"version-history":[{"count":1,"href":"https:\/\/www.egemtv.com\/index.php?rest_route=\/wp\/v2\/posts\/23378\/revisions"}],"predecessor-version":[{"id":23380,"href":"https:\/\/www.egemtv.com\/index.php?rest_route=\/wp\/v2\/posts\/23378\/revisions\/23380"}],"wp:featuredmedia":[{"embeddable":true,"href":"https:\/\/www.egemtv.com\/index.php?rest_route=\/wp\/v2\/media\/23379"}],"wp:attachment":[{"href":"https:\/\/www.egemtv.com\/index.php?rest_route=%2Fwp%2Fv2%2Fmedia&parent=23378"}],"wp:term":[{"taxonomy":"category","embeddable":true,"href":"https:\/\/www.egemtv.com\/index.php?rest_route=%2Fwp%2Fv2%2Fcategories&post=23378"},{"taxonomy":"post_tag","embeddable":true,"href":"https:\/\/www.egemtv.com\/index.php?rest_route=%2Fwp%2Fv2%2Ftags&post=23378"}],"curies":[{"name":"wp","href":"https:\/\/api.w.org\/{rel}","templated":true}]}}