{"id":23375,"date":"2025-03-01T16:28:33","date_gmt":"2025-03-01T13:28:33","guid":{"rendered":"https:\/\/www.egemtv.com\/?p=23375"},"modified":"2025-03-01T16:28:38","modified_gmt":"2025-03-01T13:28:38","slug":"afyonkarahisarda-emniyet-ekipleri-gencleri-bilgilendiriyor","status":"publish","type":"post","link":"https:\/\/www.egemtv.com\/?p=23375","title":{"rendered":"Afyonkarahisar\u2019da emniyet ekipleri gen\u00e7leri bilgilendiriyor"},"content":{"rendered":"<p>Afyonkarahisar \u0130l Emniyet M\u00fcd\u00fcrl\u00fc\u011f\u00fc ekipleri su\u00e7 ve su\u00e7lularla daha etkin m\u00fccadele ve \u00f6zellikle \u00e7ocuklar\u0131n ve gen\u00e7lerin su\u00e7a s\u00fcr\u00fcklenmelerini \u00f6nlemek amac\u0131yla e\u011fitim faaliyetlerine aral\u0131ks\u0131z devam ediyor.<br \/>\n<br \/>Bu \u00e7er\u00e7evede ilk e\u011fitim program\u0131 \u0130l Emniyet M\u00fcd\u00fcrl\u00fc\u011f\u00fc \u00c7ocuk \u015eube M\u00fcd\u00fcr\u00fc 4. S\u0131n\u0131f Emniyet M\u00fcd\u00fcr\u00fc Serap Y\u0131lmaz\u2019\u0131n da kat\u0131l\u0131m\u0131yla I\u015f\u0131klar \u00c7ok Programl\u0131 Anadolu Lisesi ve I\u015f\u0131klar \u0130mam Hatip Ortaokulu \u00f6\u011frencilerine y\u00f6nelik ger\u00e7ekle\u015ftirildi. \u00d6\u011frencilere polislik mesle\u011fi tan\u0131t\u0131l\u0131rken genel g\u00fcvenlik kurallar\u0131 ve g\u00fcvenli internet kullan\u0131m\u0131 konular\u0131nda da bilgilendirme yap\u0131ld\u0131. Ard\u0131ndan \u015eehit Ali \u00dcnl\u00fc Konferans Salonunda Sel\u00e7uklu \u0130lk\u00f6\u011fretim Okulu 4.s\u0131n\u0131f \u00f6\u011frencilerine y\u00f6nelik olarak ger\u00e7ekle\u015ftirildi. Emniyet ekipleri ki\u015fisel g\u00fcvenlik kurallar\u0131, g\u00fcvenli internet kullan\u0131m\u0131, trafik kurallar\u0131, siber g\u00fcvenlik ve siber zorbal\u0131k konular\u0131nda bilgilendirme yapt\u0131. \u00d6\u011frencilerin sorular\u0131n\u0131 da yan\u0131tlayan ekipler, polislik mesle\u011fini de t\u00fcm y\u00f6nleriyle tan\u0131tt\u0131.<br \/><\/p>\n","protected":false},"excerpt":{"rendered":"<p>Afyonkarahisar \u0130l Emniyet M\u00fcd\u00fcrl\u00fc\u011f\u00fc ekipleri su\u00e7 ve su\u00e7lularla daha etkin m\u00fccadele ve \u00f6zellikle \u00e7ocuklar\u0131n ve gen\u00e7lerin su\u00e7a s\u00fcr\u00fcklenmelerini \u00f6nlemek amac\u0131yla e\u011fitim faaliyetlerine aral\u0131ks\u0131z devam ediyor. Bu \u00e7er\u00e7evede ilk e\u011fitim program\u0131 \u0130l Emniyet M\u00fcd\u00fcrl\u00fc\u011f\u00fc \u00c7ocuk \u015eube M\u00fcd\u00fcr\u00fc 4. S\u0131n\u0131f Emniyet M\u00fcd\u00fcr\u00fc Serap Y\u0131lmaz\u2019\u0131n da kat\u0131l\u0131m\u0131yla I\u015f\u0131klar \u00c7ok Programl\u0131 Anadolu Lisesi ve I\u015f\u0131klar \u0130mam Hatip Ortaokulu \u00f6\u011frencilerine&#8230;<\/p>\n","protected":false},"author":1,"featured_media":23376,"comment_status":"open","ping_status":"open","sticky":false,"template":"","format":"standard","meta":{"_crdt_document":"","footnotes":""},"categories":[1],"tags":[],"class_list":["post-23375","post","type-post","status-publish","format-standard","has-post-thumbnail","hentry","category-guncel"],"_links":{"self":[{"href":"https:\/\/www.egemtv.com\/index.php?rest_route=\/wp\/v2\/posts\/23375","targetHints":{"allow":["GET"]}}],"collection":[{"href":"https:\/\/www.egemtv.com\/index.php?rest_route=\/wp\/v2\/posts"}],"about":[{"href":"https:\/\/www.egemtv.com\/index.php?rest_route=\/wp\/v2\/types\/post"}],"author":[{"embeddable":true,"href":"https:\/\/www.egemtv.com\/index.php?rest_route=\/wp\/v2\/users\/1"}],"replies":[{"embeddable":true,"href":"https:\/\/www.egemtv.com\/index.php?rest_route=%2Fwp%2Fv2%2Fcomments&post=23375"}],"version-history":[{"count":1,"href":"https:\/\/www.egemtv.com\/index.php?rest_route=\/wp\/v2\/posts\/23375\/revisions"}],"predecessor-version":[{"id":23377,"href":"https:\/\/www.egemtv.com\/index.php?rest_route=\/wp\/v2\/posts\/23375\/revisions\/23377"}],"wp:featuredmedia":[{"embeddable":true,"href":"https:\/\/www.egemtv.com\/index.php?rest_route=\/wp\/v2\/media\/23376"}],"wp:attachment":[{"href":"https:\/\/www.egemtv.com\/index.php?rest_route=%2Fwp%2Fv2%2Fmedia&parent=23375"}],"wp:term":[{"taxonomy":"category","embeddable":true,"href":"https:\/\/www.egemtv.com\/index.php?rest_route=%2Fwp%2Fv2%2Fcategories&post=23375"},{"taxonomy":"post_tag","embeddable":true,"href":"https:\/\/www.egemtv.com\/index.php?rest_route=%2Fwp%2Fv2%2Ftags&post=23375"}],"curies":[{"name":"wp","href":"https:\/\/api.w.org\/{rel}","templated":true}]}}