{"id":23372,"date":"2025-03-01T15:48:32","date_gmt":"2025-03-01T12:48:32","guid":{"rendered":"https:\/\/www.egemtv.com\/?p=23372"},"modified":"2025-03-01T15:48:36","modified_gmt":"2025-03-01T12:48:36","slug":"ispartada-otomobilin-carptigi-yaya-sulama-kanalina-duserek-can-verdi","status":"publish","type":"post","link":"https:\/\/www.egemtv.com\/?p=23372","title":{"rendered":"Isparta\u2019da otomobilin \u00e7arpt\u0131\u011f\u0131 yaya, sulama kanal\u0131na d\u00fc\u015ferek can verdi"},"content":{"rendered":"<p>Isparta\u2019n\u0131n Yalva\u00e7 il\u00e7esinde meydana gelen kazada, s\u00fcr\u00fcc\u00fcs\u00fcn\u00fcn direksiyon hakimiyetini kaybetti\u011fi Fiat Tofa\u015f marka otomobil, yol kenar\u0131nda y\u00fcr\u00fcyen iki yayaya \u00e7arpt\u0131. \u00c7arpman\u0131n etkisiyle yayalardan biri ref\u00fcje savrulurken, di\u011feri tar\u0131msal sulama kanal\u0131na d\u00fc\u015ft\u00fc. Kazada, kanala d\u00fc\u015fen yaya hayat\u0131n\u0131 kaybederken, di\u011fer yara ve ara\u00e7 s\u00fcr\u00fcc\u00fcs\u00fc yaraland\u0131.<br \/>\n<br \/>Kaza, saat 11.30 s\u0131ralar\u0131nda Yalva\u00e7 il\u00e7esi Tokmac\u0131k k\u00f6y\u00fc mevkisinde meydana geldi. Edinilen bilgilere g\u00f6re, Aykut G. idaresindeki 32 YL 158 plakal\u0131 Fiat Tofa\u015f marka otomobil, s\u00fcr\u00fcc\u00fcs\u00fcn\u00fcn direksiyon h\u00e2kimiyetini kaybetmesi sonucu yolda savrularak, yol kenar\u0131nda yaya olarak y\u00fcr\u00fcyen Ercan Y. ve Abdulkadir Ar\u0131duru\u2019ya \u00e7arpt\u0131. \u00c7arpman\u0131n \u015fiddetiyle Ercan Y. ref\u00fcje, Abdulkadir Ar\u0131duru ise tar\u0131msal sulama kanal\u0131na d\u00fc\u015ft\u00fc. Otomobil ise taklalar atarak kanal\u0131n i\u00e7inde ters bir \u015fekilde durdu. Kazada s\u00fcr\u00fcc\u00fc Aykut G., yol kenar\u0131nda y\u00fcr\u00fcyen yaya Ercan Y. ve Abdulkadir Ar\u0131duru yaraland\u0131.<\/p>\n<p>T\u00fcm m\u00fcdahalelere ra\u011fmen hayat\u0131n\u0131 kaybetti<br \/>\n<br \/>\u00c7evredeki vatanda\u015flar\u0131n 112 Acil \u00c7a\u011fr\u0131 Merkezi\u2019ne ihbar\u0131 \u00fczerine b\u00f6lgeye jandarma, itfaiye ve sa\u011fl\u0131k ekipleri sevk edildi. Olay yerine gelen sa\u011fl\u0131k ekiplerinin ilk m\u00fcdahalesinin ard\u0131ndan yaral\u0131lar ambulansla Yalva\u00e7 Devlet Hastanesi\u2019ne kald\u0131r\u0131ld\u0131. Yaral\u0131lardan Abdulkadir Ar\u0131duru\u2019nun durumu a\u011f\u0131r oldu\u011fu i\u00e7in Isparta\u2019ya sevk edildi. Sevk esnas\u0131nda ambulansta yap\u0131lan t\u00fcm m\u00fcdahalelere ra\u011fmen Abdulkadir Ar\u0131duru kurtar\u0131lamad\u0131. Kazan\u0131n ard\u0131ndan kanala d\u00fc\u015fen ara\u00e7, jandarma ekiplerinin yol g\u00fcvenli\u011fini sa\u011flamas\u0131n\u0131n ard\u0131ndan kurtar\u0131c\u0131 yard\u0131m\u0131yla kanaldan \u00e7\u0131kar\u0131ld\u0131. Kaza ile ilgili soru\u015fturma ba\u015flat\u0131ld\u0131.<br \/><\/p>\n","protected":false},"excerpt":{"rendered":"<p>Isparta\u2019n\u0131n Yalva\u00e7 il\u00e7esinde meydana gelen kazada, s\u00fcr\u00fcc\u00fcs\u00fcn\u00fcn direksiyon hakimiyetini kaybetti\u011fi Fiat Tofa\u015f marka otomobil, yol kenar\u0131nda y\u00fcr\u00fcyen iki yayaya \u00e7arpt\u0131. \u00c7arpman\u0131n etkisiyle yayalardan biri ref\u00fcje savrulurken, di\u011feri tar\u0131msal sulama kanal\u0131na d\u00fc\u015ft\u00fc. Kazada, kanala d\u00fc\u015fen yaya hayat\u0131n\u0131 kaybederken, di\u011fer yara ve ara\u00e7 s\u00fcr\u00fcc\u00fcs\u00fc yaraland\u0131. Kaza, saat 11.30 s\u0131ralar\u0131nda Yalva\u00e7 il\u00e7esi Tokmac\u0131k k\u00f6y\u00fc mevkisinde meydana geldi. Edinilen&#8230;<\/p>\n","protected":false},"author":1,"featured_media":23373,"comment_status":"open","ping_status":"open","sticky":false,"template":"","format":"standard","meta":{"_crdt_document":"","footnotes":""},"categories":[5],"tags":[],"class_list":["post-23372","post","type-post","status-publish","format-standard","has-post-thumbnail","hentry","category-asayis"],"_links":{"self":[{"href":"https:\/\/www.egemtv.com\/index.php?rest_route=\/wp\/v2\/posts\/23372","targetHints":{"allow":["GET"]}}],"collection":[{"href":"https:\/\/www.egemtv.com\/index.php?rest_route=\/wp\/v2\/posts"}],"about":[{"href":"https:\/\/www.egemtv.com\/index.php?rest_route=\/wp\/v2\/types\/post"}],"author":[{"embeddable":true,"href":"https:\/\/www.egemtv.com\/index.php?rest_route=\/wp\/v2\/users\/1"}],"replies":[{"embeddable":true,"href":"https:\/\/www.egemtv.com\/index.php?rest_route=%2Fwp%2Fv2%2Fcomments&post=23372"}],"version-history":[{"count":1,"href":"https:\/\/www.egemtv.com\/index.php?rest_route=\/wp\/v2\/posts\/23372\/revisions"}],"predecessor-version":[{"id":23374,"href":"https:\/\/www.egemtv.com\/index.php?rest_route=\/wp\/v2\/posts\/23372\/revisions\/23374"}],"wp:featuredmedia":[{"embeddable":true,"href":"https:\/\/www.egemtv.com\/index.php?rest_route=\/wp\/v2\/media\/23373"}],"wp:attachment":[{"href":"https:\/\/www.egemtv.com\/index.php?rest_route=%2Fwp%2Fv2%2Fmedia&parent=23372"}],"wp:term":[{"taxonomy":"category","embeddable":true,"href":"https:\/\/www.egemtv.com\/index.php?rest_route=%2Fwp%2Fv2%2Fcategories&post=23372"},{"taxonomy":"post_tag","embeddable":true,"href":"https:\/\/www.egemtv.com\/index.php?rest_route=%2Fwp%2Fv2%2Ftags&post=23372"}],"curies":[{"name":"wp","href":"https:\/\/api.w.org\/{rel}","templated":true}]}}