{"id":23369,"date":"2025-03-01T15:27:15","date_gmt":"2025-03-01T12:27:15","guid":{"rendered":"https:\/\/www.egemtv.com\/?p=23369"},"modified":"2025-03-01T15:27:20","modified_gmt":"2025-03-01T12:27:20","slug":"viraji-alamayan-hafif-ticari-arac-sarampole-dustu1-olu-1-yarali","status":"publish","type":"post","link":"https:\/\/www.egemtv.com\/?p=23369","title":{"rendered":"Viraj\u0131 alamayan hafif ticari ara\u00e7 \u015farampole d\u00fc\u015ft\u00fc:1 \u00f6l\u00fc, 1 yaral\u0131"},"content":{"rendered":"<p>Burdur\u2019un G\u00f6lhisar il\u00e7esinde seyir halindeki hafif ticari arac\u0131n viraj\u0131 alamayarak \u015farampole d\u00fc\u015fmesi sonucu 1 ki\u015fi \u00f6ld\u00fc, 1 ki\u015fi yaraland\u0131.<br \/>\n<br \/>Kaza, saat 11.30 s\u0131ralar\u0131nda Burdur\u2019un G\u00f6lhisar il\u00e7esi Ye\u015fildere K\u00f6y\u00fc Yaprakl\u0131 Baraj\u0131 yak\u0131nlar\u0131nda meydana geldi. Edinilen bilgilere g\u00f6re Durmu\u015f D.(68) idaresindeki 15 HB 983 plakal\u0131 Fiat marka hafif ticari ara\u00e7 virajda kontrolden \u00e7\u0131karak yakla\u015f\u0131k 1 metre derinli\u011findeki \u015farampole d\u00fc\u015ft\u00fc. D\u00fc\u015fme esnas\u0131nda emniyet kemerleri ba\u011fl\u0131 olmayan s\u00fcr\u00fcc\u00fc Durmu\u015f D. ve yolcu koltu\u011funda oturan e\u015fi Saliha Demirel (71)  yaraland\u0131. Kazay\u0131 g\u00f6renlerin 112 Acil \u00c7a\u011fr\u0131 Merkezine ihbar\u0131 \u00fczerine olay yerine sa\u011fl\u0131k ve jandarma ekipleri sevk edildi. Olay yerine gelen sa\u011fl\u0131k ekiplerinin yapt\u0131\u011f\u0131 kontrollerde Saliha Demirel\u2019in hayat\u0131n\u0131 kaybetti\u011fi belirlenirken Durmu\u015f D. ise ambulans ile G\u00f6lhisar Devlet Hastanesi\u2019ne kald\u0131r\u0131ld\u0131. Saliha Demirel\u2019in cenazesi ise olay yeri inceleme ve savc\u0131n\u0131n \u00e7al\u0131\u015fmalar\u0131 sonras\u0131nda otopsi yap\u0131lmak \u00fczere G\u00f6lhisar Devlet Hastanesi morguna kald\u0131r\u0131ld\u0131. Kaza ile ilgili inceleme ba\u015flat\u0131ld\u0131.<br \/><\/p>\n","protected":false},"excerpt":{"rendered":"<p>Burdur\u2019un G\u00f6lhisar il\u00e7esinde seyir halindeki hafif ticari arac\u0131n viraj\u0131 alamayarak \u015farampole d\u00fc\u015fmesi sonucu 1 ki\u015fi \u00f6ld\u00fc, 1 ki\u015fi yaraland\u0131. Kaza, saat 11.30 s\u0131ralar\u0131nda Burdur\u2019un G\u00f6lhisar il\u00e7esi Ye\u015fildere K\u00f6y\u00fc Yaprakl\u0131 Baraj\u0131 yak\u0131nlar\u0131nda meydana geldi. Edinilen bilgilere g\u00f6re Durmu\u015f D.(68) idaresindeki 15 HB 983 plakal\u0131 Fiat marka hafif ticari ara\u00e7 virajda kontrolden \u00e7\u0131karak yakla\u015f\u0131k 1 metre derinli\u011findeki&#8230;<\/p>\n","protected":false},"author":1,"featured_media":23370,"comment_status":"open","ping_status":"open","sticky":false,"template":"","format":"standard","meta":{"_crdt_document":"","footnotes":""},"categories":[5],"tags":[],"class_list":["post-23369","post","type-post","status-publish","format-standard","has-post-thumbnail","hentry","category-asayis"],"_links":{"self":[{"href":"https:\/\/www.egemtv.com\/index.php?rest_route=\/wp\/v2\/posts\/23369","targetHints":{"allow":["GET"]}}],"collection":[{"href":"https:\/\/www.egemtv.com\/index.php?rest_route=\/wp\/v2\/posts"}],"about":[{"href":"https:\/\/www.egemtv.com\/index.php?rest_route=\/wp\/v2\/types\/post"}],"author":[{"embeddable":true,"href":"https:\/\/www.egemtv.com\/index.php?rest_route=\/wp\/v2\/users\/1"}],"replies":[{"embeddable":true,"href":"https:\/\/www.egemtv.com\/index.php?rest_route=%2Fwp%2Fv2%2Fcomments&post=23369"}],"version-history":[{"count":1,"href":"https:\/\/www.egemtv.com\/index.php?rest_route=\/wp\/v2\/posts\/23369\/revisions"}],"predecessor-version":[{"id":23371,"href":"https:\/\/www.egemtv.com\/index.php?rest_route=\/wp\/v2\/posts\/23369\/revisions\/23371"}],"wp:featuredmedia":[{"embeddable":true,"href":"https:\/\/www.egemtv.com\/index.php?rest_route=\/wp\/v2\/media\/23370"}],"wp:attachment":[{"href":"https:\/\/www.egemtv.com\/index.php?rest_route=%2Fwp%2Fv2%2Fmedia&parent=23369"}],"wp:term":[{"taxonomy":"category","embeddable":true,"href":"https:\/\/www.egemtv.com\/index.php?rest_route=%2Fwp%2Fv2%2Fcategories&post=23369"},{"taxonomy":"post_tag","embeddable":true,"href":"https:\/\/www.egemtv.com\/index.php?rest_route=%2Fwp%2Fv2%2Ftags&post=23369"}],"curies":[{"name":"wp","href":"https:\/\/api.w.org\/{rel}","templated":true}]}}