{"id":23366,"date":"2025-03-01T15:27:11","date_gmt":"2025-03-01T12:27:11","guid":{"rendered":"https:\/\/www.egemtv.com\/?p=23366"},"modified":"2025-03-01T15:27:15","modified_gmt":"2025-03-01T12:27:15","slug":"goc-idaresi-personeline-egitici-egitimi-verildi","status":"publish","type":"post","link":"https:\/\/www.egemtv.com\/?p=23366","title":{"rendered":"G\u00f6\u00e7 \u0130daresi personeline \u2019e\u011fitici e\u011fitimi\u2019 verildi"},"content":{"rendered":"<p>Avrupa Birli\u011fi taraf\u0131ndan desteklenen &#8220;Uluslararas\u0131 Standartlara ve Ulusal Mevzuata Uygun Ulusal S\u0131\u011f\u0131nma Prosed\u00fcrlerinin Etkinli\u011fini G\u00fc\u00e7lendirme Projesi&#8221; kapsam\u0131nda, \u0130\u00e7i\u015fleri Bakanl\u0131\u011f\u0131 G\u00f6\u00e7 \u0130daresi Ba\u015fkanl\u0131\u011f\u0131 Merkez ve Ta\u015fra Te\u015fkilat\u0131 personeline y\u00f6nelik E\u011fitici E\u011fitimi d\u00fczenlendi.<br \/>\n<br \/>E\u011fitim program\u0131nda Sa\u011fl\u0131k Bilimleri Fak\u00fcltesi Dekan\u0131 Prof. Dr. Sultan G\u00fc\u00e7l\u00fc, Dekan Yard\u0131mc\u0131s\u0131 Do\u00e7. Dr. Cihan Caner Aksoy, T\u0131p Fak\u00fcltesi \u00f6\u011fretim \u00fcyeleri Prof. Dr. Orhan \u00d6zatik ve Prof. Dr. Fikriye Yasemin \u00d6zatik e\u011fitimci olarak yer ald\u0131. Programda, yeti\u015fkin e\u011fitimi, ki\u015fileraras\u0131 ileti\u015fim ve sunum becerileri konular\u0131na odaklan\u0131ld\u0131.<br \/>\n<br \/>E\u011fitim s\u00fcresince kat\u0131l\u0131mc\u0131lar, g\u00f6\u00e7 alan\u0131nda \u00e7al\u0131\u015fan profesyoneller i\u00e7in e\u011fitim becerileri ve terap\u00f6tik ileti\u015fimin \u00f6nemine dikkat \u00e7ekerek program\u0131n olduk\u00e7a verimli ge\u00e7ti\u011fini belirtti. E\u011fitimin, g\u00f6\u00e7 y\u00f6netiminde g\u00f6revli personelin ileti\u015fim becerilerini g\u00fc\u00e7lendirmesi ve sahada daha etkili \u00e7al\u0131\u015fmalar\u0131na katk\u0131 sunmas\u0131 ama\u00e7land\u0131.<br \/>\n<br \/>Program\u0131n sonunda kat\u0131l\u0131mc\u0131lar, \u00f6\u011frendikleri bilgileri sahada nas\u0131l uygulayabilecekleri konusunda de\u011ferlendirmelerde bulunarak benzer e\u011fitimlerin devam etmesi gerekti\u011fini ifade etti.<br \/><\/p>\n","protected":false},"excerpt":{"rendered":"<p>Avrupa Birli\u011fi taraf\u0131ndan desteklenen &#8220;Uluslararas\u0131 Standartlara ve Ulusal Mevzuata Uygun Ulusal S\u0131\u011f\u0131nma Prosed\u00fcrlerinin Etkinli\u011fini G\u00fc\u00e7lendirme Projesi&#8221; kapsam\u0131nda, \u0130\u00e7i\u015fleri Bakanl\u0131\u011f\u0131 G\u00f6\u00e7 \u0130daresi Ba\u015fkanl\u0131\u011f\u0131 Merkez ve Ta\u015fra Te\u015fkilat\u0131 personeline y\u00f6nelik E\u011fitici E\u011fitimi d\u00fczenlendi. E\u011fitim program\u0131nda Sa\u011fl\u0131k Bilimleri Fak\u00fcltesi Dekan\u0131 Prof. Dr. Sultan G\u00fc\u00e7l\u00fc, Dekan Yard\u0131mc\u0131s\u0131 Do\u00e7. Dr. Cihan Caner Aksoy, T\u0131p Fak\u00fcltesi \u00f6\u011fretim \u00fcyeleri Prof. Dr. Orhan&#8230;<\/p>\n","protected":false},"author":1,"featured_media":23367,"comment_status":"open","ping_status":"open","sticky":false,"template":"","format":"standard","meta":{"_crdt_document":"","footnotes":""},"categories":[123],"tags":[],"class_list":["post-23366","post","type-post","status-publish","format-standard","has-post-thumbnail","hentry","category-gundem"],"_links":{"self":[{"href":"https:\/\/www.egemtv.com\/index.php?rest_route=\/wp\/v2\/posts\/23366","targetHints":{"allow":["GET"]}}],"collection":[{"href":"https:\/\/www.egemtv.com\/index.php?rest_route=\/wp\/v2\/posts"}],"about":[{"href":"https:\/\/www.egemtv.com\/index.php?rest_route=\/wp\/v2\/types\/post"}],"author":[{"embeddable":true,"href":"https:\/\/www.egemtv.com\/index.php?rest_route=\/wp\/v2\/users\/1"}],"replies":[{"embeddable":true,"href":"https:\/\/www.egemtv.com\/index.php?rest_route=%2Fwp%2Fv2%2Fcomments&post=23366"}],"version-history":[{"count":1,"href":"https:\/\/www.egemtv.com\/index.php?rest_route=\/wp\/v2\/posts\/23366\/revisions"}],"predecessor-version":[{"id":23368,"href":"https:\/\/www.egemtv.com\/index.php?rest_route=\/wp\/v2\/posts\/23366\/revisions\/23368"}],"wp:featuredmedia":[{"embeddable":true,"href":"https:\/\/www.egemtv.com\/index.php?rest_route=\/wp\/v2\/media\/23367"}],"wp:attachment":[{"href":"https:\/\/www.egemtv.com\/index.php?rest_route=%2Fwp%2Fv2%2Fmedia&parent=23366"}],"wp:term":[{"taxonomy":"category","embeddable":true,"href":"https:\/\/www.egemtv.com\/index.php?rest_route=%2Fwp%2Fv2%2Fcategories&post=23366"},{"taxonomy":"post_tag","embeddable":true,"href":"https:\/\/www.egemtv.com\/index.php?rest_route=%2Fwp%2Fv2%2Ftags&post=23366"}],"curies":[{"name":"wp","href":"https:\/\/api.w.org\/{rel}","templated":true}]}}