{"id":23363,"date":"2025-03-01T15:27:10","date_gmt":"2025-03-01T12:27:10","guid":{"rendered":"https:\/\/www.egemtv.com\/?p=23363"},"modified":"2025-03-01T15:27:11","modified_gmt":"2025-03-01T12:27:11","slug":"izmirde-ters-yone-giren-arac-tehlike-sacti","status":"publish","type":"post","link":"https:\/\/www.egemtv.com\/?p=23363","title":{"rendered":"\u0130zmir\u2019de ters y\u00f6ne giren ara\u00e7 tehlike sa\u00e7t\u0131"},"content":{"rendered":"<p>\u0130zmir\u2019in Konak il\u00e7esinde ters y\u00f6nde seyreden bir otomobil, kar\u015f\u0131dan gelen ara\u00e7la kar\u015f\u0131la\u015ft\u0131. Tehlike sa\u00e7an otomobil s\u00fcr\u00fcc\u00fcs\u00fc ters y\u00f6nde ilerlemekte \u0131srar ederken o anlar ara\u00e7 kameras\u0131yla g\u00f6r\u00fcnt\u00fclendi.<br \/>\n<br \/>Olay, saat 14.20 s\u0131ralar\u0131nda Konak il\u00e7esi Mustafa Kemal Sahil Bulvar\u0131\u2019ndan Mithatpa\u015fa Caddesi\u2019ne kat\u0131l\u0131mda meydana geldi. Yolda seyir halinde olan ara\u00e7, bir anda ters y\u00f6nden gelen otomobille kar\u015f\u0131 kar\u015f\u0131ya geldi. 43 AFP 283 plakal\u0131 oldu\u011fu g\u00f6r\u00fclen otomobil, yoldaki ara\u00e7la seyir halinde olmas\u0131na ra\u011fmen manevra yaparak ters y\u00f6nde ilerlemeye devam etti.<br \/>\n<br \/>Ters y\u00f6nde ilerlemekte \u0131srar edip trafi\u011fi tehlikeye atan otomobil, ara\u00e7 kameras\u0131 taraf\u0131ndan da kayda al\u0131nd\u0131.<br \/><\/p>\n","protected":false},"excerpt":{"rendered":"<p>\u0130zmir\u2019in Konak il\u00e7esinde ters y\u00f6nde seyreden bir otomobil, kar\u015f\u0131dan gelen ara\u00e7la kar\u015f\u0131la\u015ft\u0131. Tehlike sa\u00e7an otomobil s\u00fcr\u00fcc\u00fcs\u00fc ters y\u00f6nde ilerlemekte \u0131srar ederken o anlar ara\u00e7 kameras\u0131yla g\u00f6r\u00fcnt\u00fclendi. Olay, saat 14.20 s\u0131ralar\u0131nda Konak il\u00e7esi Mustafa Kemal Sahil Bulvar\u0131\u2019ndan Mithatpa\u015fa Caddesi\u2019ne kat\u0131l\u0131mda meydana geldi. Yolda seyir halinde olan ara\u00e7, bir anda ters y\u00f6nden gelen otomobille kar\u015f\u0131 kar\u015f\u0131ya geldi&#8230;.<\/p>\n","protected":false},"author":1,"featured_media":23364,"comment_status":"open","ping_status":"open","sticky":false,"template":"","format":"standard","meta":{"_crdt_document":"","footnotes":""},"categories":[5],"tags":[],"class_list":["post-23363","post","type-post","status-publish","format-standard","has-post-thumbnail","hentry","category-asayis"],"_links":{"self":[{"href":"https:\/\/www.egemtv.com\/index.php?rest_route=\/wp\/v2\/posts\/23363","targetHints":{"allow":["GET"]}}],"collection":[{"href":"https:\/\/www.egemtv.com\/index.php?rest_route=\/wp\/v2\/posts"}],"about":[{"href":"https:\/\/www.egemtv.com\/index.php?rest_route=\/wp\/v2\/types\/post"}],"author":[{"embeddable":true,"href":"https:\/\/www.egemtv.com\/index.php?rest_route=\/wp\/v2\/users\/1"}],"replies":[{"embeddable":true,"href":"https:\/\/www.egemtv.com\/index.php?rest_route=%2Fwp%2Fv2%2Fcomments&post=23363"}],"version-history":[{"count":1,"href":"https:\/\/www.egemtv.com\/index.php?rest_route=\/wp\/v2\/posts\/23363\/revisions"}],"predecessor-version":[{"id":23365,"href":"https:\/\/www.egemtv.com\/index.php?rest_route=\/wp\/v2\/posts\/23363\/revisions\/23365"}],"wp:featuredmedia":[{"embeddable":true,"href":"https:\/\/www.egemtv.com\/index.php?rest_route=\/wp\/v2\/media\/23364"}],"wp:attachment":[{"href":"https:\/\/www.egemtv.com\/index.php?rest_route=%2Fwp%2Fv2%2Fmedia&parent=23363"}],"wp:term":[{"taxonomy":"category","embeddable":true,"href":"https:\/\/www.egemtv.com\/index.php?rest_route=%2Fwp%2Fv2%2Fcategories&post=23363"},{"taxonomy":"post_tag","embeddable":true,"href":"https:\/\/www.egemtv.com\/index.php?rest_route=%2Fwp%2Fv2%2Ftags&post=23363"}],"curies":[{"name":"wp","href":"https:\/\/api.w.org\/{rel}","templated":true}]}}