{"id":23360,"date":"2025-03-01T15:27:05","date_gmt":"2025-03-01T12:27:05","guid":{"rendered":"https:\/\/www.egemtv.com\/?p=23360"},"modified":"2025-03-01T15:27:10","modified_gmt":"2025-03-01T12:27:10","slug":"hijazkar-grubunun-bicare-aksamlar-konseri-manisalilarla-bulustu","status":"publish","type":"post","link":"https:\/\/www.egemtv.com\/?p=23360","title":{"rendered":"Hijazk\u00e2r Grubu\u2019nun \u2018Bi\u00e7are Ak\u015famlar\u2019 konseri Manisal\u0131larla bulu\u015ftu"},"content":{"rendered":"<p>Manisa B\u00fcy\u00fck\u015fehir Belediyesi taraf\u0131ndan d\u00fczenlenen ve sanatseverlerin b\u00fcy\u00fck ilgi g\u00f6sterdi\u011fi Hijazk\u00e2r Grubu\u2019nun \u2018Bi\u00e7are Ak\u015famlar\u2019 konseri, K\u00fclt\u00fcr Merkezi Lale Salonu\u2019nda vatanda\u015flar\u0131n yo\u011fun kat\u0131l\u0131m\u0131yla ger\u00e7ekle\u015fti.<br \/>\n<br \/>Manisa B\u00fcy\u00fck\u015fehir Belediyesi K\u00fclt\u00fcr ve Sosyal \u0130\u015fler Dairesi taraf\u0131ndan organize edilen konser, K\u00fclt\u00fcr Merkezi Lale Salonu\u2019nda d\u00fczenlendi. Manisa B\u00fcy\u00fck\u015fehir Belediyesi K\u00fclt\u00fcr ve Sosyal \u0130\u015fler Dairesi Halk E\u011fitim \u015eube M\u00fcd\u00fcr\u00fc Serap G\u00fcc\u00fcyen\u2019in de kat\u0131ld\u0131\u011f\u0131 ve vatanda\u015flar\u0131n yo\u011fun ilgi g\u00f6sterdi\u011fi konser, T\u00fcrk m\u00fczi\u011finin se\u00e7kin eserleriyle izleyicilere unutulmaz anlar ya\u015fatt\u0131. Sanat\u00e7\u0131lar, g\u00fc\u00e7l\u00fc yorumlar\u0131yla dinleyicileri ge\u00e7mi\u015ften g\u00fcn\u00fcm\u00fcze uzanan m\u00fczikal bir yolculu\u011fa \u00e7\u0131kard\u0131. \u00dccretsiz olarak ger\u00e7ekle\u015ftirilen konser, sanatseverlerden tam not ald\u0131. \u0130zleyiciler, duygu dolu anlar ya\u015farken program sonunda sanat\u00e7\u0131lar\u0131 uzun s\u00fcre ayakta alk\u0131\u015flad\u0131.<br \/><\/p>\n","protected":false},"excerpt":{"rendered":"<p>Manisa B\u00fcy\u00fck\u015fehir Belediyesi taraf\u0131ndan d\u00fczenlenen ve sanatseverlerin b\u00fcy\u00fck ilgi g\u00f6sterdi\u011fi Hijazk\u00e2r Grubu\u2019nun \u2018Bi\u00e7are Ak\u015famlar\u2019 konseri, K\u00fclt\u00fcr Merkezi Lale Salonu\u2019nda vatanda\u015flar\u0131n yo\u011fun kat\u0131l\u0131m\u0131yla ger\u00e7ekle\u015fti. Manisa B\u00fcy\u00fck\u015fehir Belediyesi K\u00fclt\u00fcr ve Sosyal \u0130\u015fler Dairesi taraf\u0131ndan organize edilen konser, K\u00fclt\u00fcr Merkezi Lale Salonu\u2019nda d\u00fczenlendi. Manisa B\u00fcy\u00fck\u015fehir Belediyesi K\u00fclt\u00fcr ve Sosyal \u0130\u015fler Dairesi Halk E\u011fitim \u015eube M\u00fcd\u00fcr\u00fc Serap G\u00fcc\u00fcyen\u2019in de&#8230;<\/p>\n","protected":false},"author":1,"featured_media":23361,"comment_status":"open","ping_status":"open","sticky":false,"template":"","format":"standard","meta":{"_crdt_document":"","footnotes":""},"categories":[1],"tags":[],"class_list":["post-23360","post","type-post","status-publish","format-standard","has-post-thumbnail","hentry","category-guncel"],"_links":{"self":[{"href":"https:\/\/www.egemtv.com\/index.php?rest_route=\/wp\/v2\/posts\/23360","targetHints":{"allow":["GET"]}}],"collection":[{"href":"https:\/\/www.egemtv.com\/index.php?rest_route=\/wp\/v2\/posts"}],"about":[{"href":"https:\/\/www.egemtv.com\/index.php?rest_route=\/wp\/v2\/types\/post"}],"author":[{"embeddable":true,"href":"https:\/\/www.egemtv.com\/index.php?rest_route=\/wp\/v2\/users\/1"}],"replies":[{"embeddable":true,"href":"https:\/\/www.egemtv.com\/index.php?rest_route=%2Fwp%2Fv2%2Fcomments&post=23360"}],"version-history":[{"count":1,"href":"https:\/\/www.egemtv.com\/index.php?rest_route=\/wp\/v2\/posts\/23360\/revisions"}],"predecessor-version":[{"id":23362,"href":"https:\/\/www.egemtv.com\/index.php?rest_route=\/wp\/v2\/posts\/23360\/revisions\/23362"}],"wp:featuredmedia":[{"embeddable":true,"href":"https:\/\/www.egemtv.com\/index.php?rest_route=\/wp\/v2\/media\/23361"}],"wp:attachment":[{"href":"https:\/\/www.egemtv.com\/index.php?rest_route=%2Fwp%2Fv2%2Fmedia&parent=23360"}],"wp:term":[{"taxonomy":"category","embeddable":true,"href":"https:\/\/www.egemtv.com\/index.php?rest_route=%2Fwp%2Fv2%2Fcategories&post=23360"},{"taxonomy":"post_tag","embeddable":true,"href":"https:\/\/www.egemtv.com\/index.php?rest_route=%2Fwp%2Fv2%2Ftags&post=23360"}],"curies":[{"name":"wp","href":"https:\/\/api.w.org\/{rel}","templated":true}]}}