{"id":23357,"date":"2025-03-01T15:07:26","date_gmt":"2025-03-01T12:07:26","guid":{"rendered":"https:\/\/www.egemtv.com\/?p=23357"},"modified":"2025-03-01T15:07:30","modified_gmt":"2025-03-01T12:07:30","slug":"kusadasi-dunyaya-aciliyor-fabay-sereno-kusadasi-evleri-tanitildi","status":"publish","type":"post","link":"https:\/\/www.egemtv.com\/?p=23357","title":{"rendered":"Ku\u015fadas\u0131 d\u00fcnyaya a\u00e7\u0131l\u0131yor, Fabay Sereno Ku\u015fadas\u0131 evleri tan\u0131t\u0131ld\u0131"},"content":{"rendered":"<p>Globalle\u015fen d\u00fcnyadaki yeni geli\u015fmeler ve her ge\u00e7en g\u00fcn artan dijitalle\u015fme i\u015f hayat\u0131nda mekan mefhumunu ortadan kald\u0131r\u0131nca Ege sahilleri d\u00fcnyan\u0131n merkezi haline gelmeye ba\u015flad\u0131. \u00d6zellikle 2019 y\u0131l\u0131nda \u00c7in\u2019in Hubei b\u00f6lgesinin ba\u015fkenti Vuhan\u2019da ortaya \u00e7\u0131k\u0131p d\u00fcn d\u00fcnyaya yay\u0131lan Korona Vir\u00fcs salg\u0131n\u0131n ard\u0131ndan ev ve ya\u015fam alan\u0131 planlamalar\u0131 de\u011fi\u015fti. Yeni d\u00fcnya d\u00fczenine uygun olarak \u00fcretilen Ku\u015fadas\u0131\u2019ndaki Fabay Sereno evleri d\u00fczenlenen t\u00f6renle tan\u0131t\u0131ld\u0131.<br \/>\n<br \/>Ku\u015fadas\u0131\u2019nda se\u00e7ilen \u00f6zel bir b\u00f6lgede planlan\u0131p konumlanan Fabay Sereno Ku\u015fadas\u0131 Evleri i\u00e7in d\u00fczenlenen tan\u0131t\u0131m program\u0131, sekt\u00f6r profesyonelleri, proje pazarlama \u015firketleri ve emlak\u00e7\u0131lar\u0131 bir araya getirdi. Proje kapsam\u0131nda yap\u0131lan konutlar\u0131n y\u00fczde 25 pe\u015finat ile 60 ay vade farks\u0131z \u00f6deme planlar\u0131 sat\u0131\u015fa sunuldu\u011fu duyuruldu.<br \/>\n<br \/>T\u00fcrkiye\u2019de turizm sekt\u00f6r\u00fcn\u00fcn vazge\u00e7ilmez noktalar\u0131ndan biri olan Ku\u015fadas\u0131\u2019nda in\u015fa edilen Fabay Sereno Ku\u015fadas\u0131 Evleri i\u00e7in &#8220;B\u00f6lgede markal\u0131 olarak \u00fcretilen, sosyal tesisleri, ye\u015fil alanlar\u0131 ve sundu\u011fu imkanlarla benzeri olmayan, do\u011fayla i\u00e7 i\u00e7e l\u00fcks bir ya\u015fam sunan se\u00e7kin bir konut projesi&#8221; olarak de\u011ferlendirme yap\u0131l\u0131rken yap\u0131lar\u0131n in\u015faat\u0131n\u0131n h\u0131zla devam etti\u011fi belirtildi.<br \/>\n<br \/>1+1\u2019den 3+1\u2019e kadar pek \u00e7ok se\u00e7enekte daireyi bar\u0131ndan projede, amfi tiyatro, aquapark, yar\u0131m olimpik a\u00e7\u0131k havuz, \u00e7ocuk havuzlar\u0131, macera park\u0131, bisiklet park\u0131, tenis kortu, basketbol sahas\u0131, y\u00fcr\u00fcy\u00fc\u015f yolu ve sosyal tesis gibi bir\u00e7ok imkan\u0131n mevcut oldu\u011fu belirtildi. Hem konut sahibi olmak hem de gelece\u011fe iyi bir yat\u0131r\u0131m imkan\u0131 sa\u011flad\u0131\u011f\u0131 belirtilen projenin tan\u0131t\u0131m etkinli\u011fi sekt\u00f6r temsilcileri taraf\u0131ndan yo\u011fun ilgi g\u00f6rd\u00fc.<br \/><\/p>\n","protected":false},"excerpt":{"rendered":"<p>Globalle\u015fen d\u00fcnyadaki yeni geli\u015fmeler ve her ge\u00e7en g\u00fcn artan dijitalle\u015fme i\u015f hayat\u0131nda mekan mefhumunu ortadan kald\u0131r\u0131nca Ege sahilleri d\u00fcnyan\u0131n merkezi haline gelmeye ba\u015flad\u0131. \u00d6zellikle 2019 y\u0131l\u0131nda \u00c7in\u2019in Hubei b\u00f6lgesinin ba\u015fkenti Vuhan\u2019da ortaya \u00e7\u0131k\u0131p d\u00fcn d\u00fcnyaya yay\u0131lan Korona Vir\u00fcs salg\u0131n\u0131n ard\u0131ndan ev ve ya\u015fam alan\u0131 planlamalar\u0131 de\u011fi\u015fti. Yeni d\u00fcnya d\u00fczenine uygun olarak \u00fcretilen Ku\u015fadas\u0131\u2019ndaki Fabay Sereno&#8230;<\/p>\n","protected":false},"author":1,"featured_media":23358,"comment_status":"open","ping_status":"open","sticky":false,"template":"","format":"standard","meta":{"_crdt_document":"","footnotes":""},"categories":[125],"tags":[],"class_list":["post-23357","post","type-post","status-publish","format-standard","has-post-thumbnail","hentry","category-ekonomi"],"_links":{"self":[{"href":"https:\/\/www.egemtv.com\/index.php?rest_route=\/wp\/v2\/posts\/23357","targetHints":{"allow":["GET"]}}],"collection":[{"href":"https:\/\/www.egemtv.com\/index.php?rest_route=\/wp\/v2\/posts"}],"about":[{"href":"https:\/\/www.egemtv.com\/index.php?rest_route=\/wp\/v2\/types\/post"}],"author":[{"embeddable":true,"href":"https:\/\/www.egemtv.com\/index.php?rest_route=\/wp\/v2\/users\/1"}],"replies":[{"embeddable":true,"href":"https:\/\/www.egemtv.com\/index.php?rest_route=%2Fwp%2Fv2%2Fcomments&post=23357"}],"version-history":[{"count":1,"href":"https:\/\/www.egemtv.com\/index.php?rest_route=\/wp\/v2\/posts\/23357\/revisions"}],"predecessor-version":[{"id":23359,"href":"https:\/\/www.egemtv.com\/index.php?rest_route=\/wp\/v2\/posts\/23357\/revisions\/23359"}],"wp:featuredmedia":[{"embeddable":true,"href":"https:\/\/www.egemtv.com\/index.php?rest_route=\/wp\/v2\/media\/23358"}],"wp:attachment":[{"href":"https:\/\/www.egemtv.com\/index.php?rest_route=%2Fwp%2Fv2%2Fmedia&parent=23357"}],"wp:term":[{"taxonomy":"category","embeddable":true,"href":"https:\/\/www.egemtv.com\/index.php?rest_route=%2Fwp%2Fv2%2Fcategories&post=23357"},{"taxonomy":"post_tag","embeddable":true,"href":"https:\/\/www.egemtv.com\/index.php?rest_route=%2Fwp%2Fv2%2Ftags&post=23357"}],"curies":[{"name":"wp","href":"https:\/\/api.w.org\/{rel}","templated":true}]}}