{"id":23354,"date":"2025-03-01T15:07:22","date_gmt":"2025-03-01T12:07:22","guid":{"rendered":"https:\/\/www.egemtv.com\/?p=23354"},"modified":"2025-03-01T15:07:26","modified_gmt":"2025-03-01T12:07:26","slug":"firca-izleri-karma-sergisi-sanatseverlerle-bulustu","status":"publish","type":"post","link":"https:\/\/www.egemtv.com\/?p=23354","title":{"rendered":"\u2019F\u0131r\u00e7a \u0130zleri\u2019 karma sergisi sanatseverlerle bulu\u015ftu"},"content":{"rendered":"<p>Manisa B\u00fcy\u00fck\u015fehir Belediyesi, D\u00fcnya Ressamlar G\u00fcn\u00fc\u2019ne \u00f6zel olarak &#8220;F\u0131r\u00e7a \u0130zleri&#8221; adl\u0131 karma resim sergisine ev sahipli\u011fi yapt\u0131.<br \/>\n<br \/>K\u00fclt\u00fcr Merkezi Lale Fuaye\u2019de d\u00fczenlenen etkinlik, sanatseverlerin b\u00fcy\u00fck be\u011fenisini kazand\u0131. Sergide, hayal g\u00fc\u00e7lerini ve d\u00fc\u015f\u00fcncelerini f\u0131r\u00e7a darbeleriyle tuvale aktaran ressamlar H\u00fclya Ersezgin, Bet\u00fcl \u015eeker, Nagehan Erdo\u011fan, Reyhan Elbirliler, Haldun Ta\u015f\u00e7eviren, Fehim Ta\u015f\u00e7eviren, Ramazan G\u00f6kta\u015f ve Hidayet G\u00fcltekin\u2019in eserleri sanatseverlerle bulu\u015ftu. Birbirinden farkl\u0131 \u00fcslup ve tekniklerle olu\u015fturulan tablolar, ziyaret\u00e7ilerin be\u011fenisine sunuldu. Ziyaret\u00e7iler, ressam H\u00fclya Ersezgin\u2019in 2008 y\u0131l\u0131nda \u00f6d\u00fcl alan Kuvay-i Milliye konulu eserini de yak\u0131ndan g\u00f6rme f\u0131rsat\u0131 buldu. Etkinlik boyunca d\u00fczenlenen \u00f6zel sanat performanslar\u0131, sergiye renk katt\u0131.<br \/>\n<br \/>Minik sanatseverlerin de yo\u011fun kat\u0131l\u0131m g\u00f6sterdi\u011fi serginin a\u00e7\u0131l\u0131\u015f\u0131n\u0131, B\u00fcy\u00fck\u015fehir Belediyesi K\u00fclt\u00fcr Sanat \u015eube M\u00fcd\u00fcr\u00fc Okan G\u00fcnd\u00fcz ve sergide yer alan ressamlar birlikte ger\u00e7ekle\u015ftirdi. &#8220;F\u0131r\u00e7a \u0130zleri&#8221; sergisi, Manisa\u2019n\u0131n k\u00fclt\u00fcrel ve sanatsal zenginli\u011fine \u00f6nemli katk\u0131 sa\u011flad\u0131. Sergi, farkl\u0131 tarzlardaki eserleri bir araya getirerek sanatseverlere geni\u015f bir yelpaze sundu. Ayr\u0131ca,  Manisa Anadolu Lisesi \u00f6\u011frencilerinin ziyaretiyle de sanat\u0131n gelecek nesillere aktar\u0131lmas\u0131na katk\u0131da da bulundu.<br \/>\n<br \/>Ressamlar, sanata ve sanat\u00e7\u0131ya destekleri nedeniyle Manisa B\u00fcy\u00fck\u015fehir Belediyesi\u2019ne te\u015fekk\u00fcr ederek, bu t\u00fcr organizasyonlar\u0131n kent k\u00fclt\u00fcr ve sanat ya\u015fam\u0131na b\u00fcy\u00fck katk\u0131 sa\u011flad\u0131\u011f\u0131n\u0131 vurgulad\u0131.<br \/><\/p>\n","protected":false},"excerpt":{"rendered":"<p>Manisa B\u00fcy\u00fck\u015fehir Belediyesi, D\u00fcnya Ressamlar G\u00fcn\u00fc\u2019ne \u00f6zel olarak &#8220;F\u0131r\u00e7a \u0130zleri&#8221; adl\u0131 karma resim sergisine ev sahipli\u011fi yapt\u0131. K\u00fclt\u00fcr Merkezi Lale Fuaye\u2019de d\u00fczenlenen etkinlik, sanatseverlerin b\u00fcy\u00fck be\u011fenisini kazand\u0131. Sergide, hayal g\u00fc\u00e7lerini ve d\u00fc\u015f\u00fcncelerini f\u0131r\u00e7a darbeleriyle tuvale aktaran ressamlar H\u00fclya Ersezgin, Bet\u00fcl \u015eeker, Nagehan Erdo\u011fan, Reyhan Elbirliler, Haldun Ta\u015f\u00e7eviren, Fehim Ta\u015f\u00e7eviren, Ramazan G\u00f6kta\u015f ve Hidayet G\u00fcltekin\u2019in eserleri&#8230;<\/p>\n","protected":false},"author":1,"featured_media":23355,"comment_status":"open","ping_status":"open","sticky":false,"template":"","format":"standard","meta":{"_crdt_document":"","footnotes":""},"categories":[1],"tags":[],"class_list":["post-23354","post","type-post","status-publish","format-standard","has-post-thumbnail","hentry","category-guncel"],"_links":{"self":[{"href":"https:\/\/www.egemtv.com\/index.php?rest_route=\/wp\/v2\/posts\/23354","targetHints":{"allow":["GET"]}}],"collection":[{"href":"https:\/\/www.egemtv.com\/index.php?rest_route=\/wp\/v2\/posts"}],"about":[{"href":"https:\/\/www.egemtv.com\/index.php?rest_route=\/wp\/v2\/types\/post"}],"author":[{"embeddable":true,"href":"https:\/\/www.egemtv.com\/index.php?rest_route=\/wp\/v2\/users\/1"}],"replies":[{"embeddable":true,"href":"https:\/\/www.egemtv.com\/index.php?rest_route=%2Fwp%2Fv2%2Fcomments&post=23354"}],"version-history":[{"count":1,"href":"https:\/\/www.egemtv.com\/index.php?rest_route=\/wp\/v2\/posts\/23354\/revisions"}],"predecessor-version":[{"id":23356,"href":"https:\/\/www.egemtv.com\/index.php?rest_route=\/wp\/v2\/posts\/23354\/revisions\/23356"}],"wp:featuredmedia":[{"embeddable":true,"href":"https:\/\/www.egemtv.com\/index.php?rest_route=\/wp\/v2\/media\/23355"}],"wp:attachment":[{"href":"https:\/\/www.egemtv.com\/index.php?rest_route=%2Fwp%2Fv2%2Fmedia&parent=23354"}],"wp:term":[{"taxonomy":"category","embeddable":true,"href":"https:\/\/www.egemtv.com\/index.php?rest_route=%2Fwp%2Fv2%2Fcategories&post=23354"},{"taxonomy":"post_tag","embeddable":true,"href":"https:\/\/www.egemtv.com\/index.php?rest_route=%2Fwp%2Fv2%2Ftags&post=23354"}],"curies":[{"name":"wp","href":"https:\/\/api.w.org\/{rel}","templated":true}]}}