{"id":23348,"date":"2025-03-01T14:48:12","date_gmt":"2025-03-01T11:48:12","guid":{"rendered":"https:\/\/www.egemtv.com\/?p=23348"},"modified":"2025-03-01T14:48:15","modified_gmt":"2025-03-01T11:48:15","slug":"motokuryelere-guvenli-surus-egitimi","status":"publish","type":"post","link":"https:\/\/www.egemtv.com\/?p=23348","title":{"rendered":"Motokuryelere g\u00fcvenli s\u00fcr\u00fc\u015f e\u011fitimi"},"content":{"rendered":"<p>T\u00fcrkiye genelinde otomobilden fazla motosikletin bulundu\u011fu ve motosiklet kullan\u0131m\u0131n\u0131n her ge\u00e7en g\u00fcn artt\u0131\u011f\u0131 Mu\u011fla\u2019da motokuryeler i\u00e7in g\u00fcvenli s\u00fcr\u00fc\u015f e\u011fitimi veriliyor.<br \/>\n<br \/>Mu\u011fla Emniyet M\u00fcd\u00fcrl\u00fc\u011f\u00fc Trafik Tescil ve Denetleme \u015eube M\u00fcd\u00fcrl\u00fc\u011f\u00fc ekipleri 2024-2027 Cumhurba\u015fkanl\u0131\u011f\u0131 Karayollar\u0131 Trafik G\u00fcvenli\u011fi Eylem plan\u0131 do\u011frultusunda yap\u0131lan \u2018KASKOM Kask\u0131n\u0131z G\u00fcvenceniz\u2019 projesi y\u00fcr\u00fct\u00fcyor. Bu kapsam\u0131nda Mente\u015fe il\u00e7esinde motokurye olarak faaliyet g\u00f6steren motosiklet s\u00fcr\u00fcc\u00fcleriyle birlikte G\u00fcvenli S\u00fcr\u00fc\u015f E\u011fitimi E\u011fitmenleri taraf\u0131ndan motokurye s\u00fcr\u00fcc\u00fclerine; trafikte takip mesafesi, g\u00fcvenlik donan\u0131mlar\u0131, temel s\u00fcr\u00fc\u015f teknikleri, virajda bak\u0131\u015f a\u00e7\u0131s\u0131n\u0131n \u00f6nemi, panik fren ve trafi\u011fin okunmas\u0131 konular\u0131nda e\u011fitim verildi<br \/><\/p>\n","protected":false},"excerpt":{"rendered":"<p>T\u00fcrkiye genelinde otomobilden fazla motosikletin bulundu\u011fu ve motosiklet kullan\u0131m\u0131n\u0131n her ge\u00e7en g\u00fcn artt\u0131\u011f\u0131 Mu\u011fla\u2019da motokuryeler i\u00e7in g\u00fcvenli s\u00fcr\u00fc\u015f e\u011fitimi veriliyor. Mu\u011fla Emniyet M\u00fcd\u00fcrl\u00fc\u011f\u00fc Trafik Tescil ve Denetleme \u015eube M\u00fcd\u00fcrl\u00fc\u011f\u00fc ekipleri 2024-2027 Cumhurba\u015fkanl\u0131\u011f\u0131 Karayollar\u0131 Trafik G\u00fcvenli\u011fi Eylem plan\u0131 do\u011frultusunda yap\u0131lan \u2018KASKOM Kask\u0131n\u0131z G\u00fcvenceniz\u2019 projesi y\u00fcr\u00fct\u00fcyor. Bu kapsam\u0131nda Mente\u015fe il\u00e7esinde motokurye olarak faaliyet g\u00f6steren motosiklet s\u00fcr\u00fcc\u00fcleriyle birlikte&#8230;<\/p>\n","protected":false},"author":1,"featured_media":23349,"comment_status":"open","ping_status":"open","sticky":false,"template":"","format":"standard","meta":{"_crdt_document":"","footnotes":""},"categories":[1],"tags":[],"class_list":["post-23348","post","type-post","status-publish","format-standard","has-post-thumbnail","hentry","category-guncel"],"_links":{"self":[{"href":"https:\/\/www.egemtv.com\/index.php?rest_route=\/wp\/v2\/posts\/23348","targetHints":{"allow":["GET"]}}],"collection":[{"href":"https:\/\/www.egemtv.com\/index.php?rest_route=\/wp\/v2\/posts"}],"about":[{"href":"https:\/\/www.egemtv.com\/index.php?rest_route=\/wp\/v2\/types\/post"}],"author":[{"embeddable":true,"href":"https:\/\/www.egemtv.com\/index.php?rest_route=\/wp\/v2\/users\/1"}],"replies":[{"embeddable":true,"href":"https:\/\/www.egemtv.com\/index.php?rest_route=%2Fwp%2Fv2%2Fcomments&post=23348"}],"version-history":[{"count":1,"href":"https:\/\/www.egemtv.com\/index.php?rest_route=\/wp\/v2\/posts\/23348\/revisions"}],"predecessor-version":[{"id":23350,"href":"https:\/\/www.egemtv.com\/index.php?rest_route=\/wp\/v2\/posts\/23348\/revisions\/23350"}],"wp:featuredmedia":[{"embeddable":true,"href":"https:\/\/www.egemtv.com\/index.php?rest_route=\/wp\/v2\/media\/23349"}],"wp:attachment":[{"href":"https:\/\/www.egemtv.com\/index.php?rest_route=%2Fwp%2Fv2%2Fmedia&parent=23348"}],"wp:term":[{"taxonomy":"category","embeddable":true,"href":"https:\/\/www.egemtv.com\/index.php?rest_route=%2Fwp%2Fv2%2Fcategories&post=23348"},{"taxonomy":"post_tag","embeddable":true,"href":"https:\/\/www.egemtv.com\/index.php?rest_route=%2Fwp%2Fv2%2Ftags&post=23348"}],"curies":[{"name":"wp","href":"https:\/\/api.w.org\/{rel}","templated":true}]}}