{"id":23345,"date":"2025-03-01T14:48:08","date_gmt":"2025-03-01T11:48:08","guid":{"rendered":"https:\/\/www.egemtv.com\/?p=23345"},"modified":"2025-03-01T14:48:12","modified_gmt":"2025-03-01T11:48:12","slug":"tavsanlida-400-gram-ramazan-pidesi-30-tlden-satisa-sunuluyor","status":"publish","type":"post","link":"https:\/\/www.egemtv.com\/?p=23345","title":{"rendered":"Tav\u015fanl\u0131\u2019da 400 gram Ramazan pidesi 30 TL\u2019den sat\u0131\u015fa sunuluyor"},"content":{"rendered":"<p>K\u00fctahya\u2019n\u0131n Tav\u015fanl\u0131 il\u00e7esinde pide fiyat\u0131 400 gram\u0131 30 TL olarak belirlendi.<br \/>\n<br \/>Al\u0131nan karara g\u00f6re, 400 gram sade pide 30 TL, 400 gram susaml\u0131 pide ise 35 TL\u2019den sat\u0131\u015fa sunuluyor. F\u0131r\u0131nlarda sat\u0131lacak pide fiyatlar\u0131, vatanda\u015flar\u0131n Ramazan ay\u0131ndaki ihtiya\u00e7lar\u0131n\u0131 kar\u015f\u0131lamaya y\u00f6nelik olarak belirlendi. Tav\u015fanl\u0131 Belediyesi Halk Ekmek b\u00fcfelerinde ise 400 gram ramazan pidesi 25 TL\u2019den sat\u0131lacak. Belediyenin sundu\u011fu bu fiyat, \u00f6zellikle dar gelirli vatanda\u015flar i\u00e7in ekonomik bir se\u00e7enek olaca\u011f\u0131 yetkililerce ifade edildi.<br \/>\n<br \/>Tav\u015fanl\u0131 Bakkallar ve Bayiler Odas\u0131 Ba\u015fkan\u0131 Hasan Bayram, yapt\u0131\u011f\u0131 a\u00e7\u0131klamada, &#8220;Ramazan pidesi, iftar sofralar\u0131n\u0131n vazge\u00e7ilmezidir. Fiyatlar\u0131 belirlerken hem esnaf\u0131m\u0131z\u0131n hem de vatanda\u015flar\u0131m\u0131z\u0131n memnun olaca\u011f\u0131 bir denge kurmaya \u00f6zen g\u00f6sterdik. Tav\u015fanl\u0131 Belediyesi\u2019nin Halk Ekmek b\u00fcfelerinde sunulan 25 TL\u2019lik pide, halk\u0131m\u0131z i\u00e7in b\u00fcy\u00fck bir kolayl\u0131k sa\u011flayacak. Ramazan ay\u0131n\u0131n bereketli ve huzurlu ge\u00e7mesini diliyoruz&#8221; ifadelerini kulland\u0131.<br \/><\/p>\n","protected":false},"excerpt":{"rendered":"<p>K\u00fctahya\u2019n\u0131n Tav\u015fanl\u0131 il\u00e7esinde pide fiyat\u0131 400 gram\u0131 30 TL olarak belirlendi. Al\u0131nan karara g\u00f6re, 400 gram sade pide 30 TL, 400 gram susaml\u0131 pide ise 35 TL\u2019den sat\u0131\u015fa sunuluyor. F\u0131r\u0131nlarda sat\u0131lacak pide fiyatlar\u0131, vatanda\u015flar\u0131n Ramazan ay\u0131ndaki ihtiya\u00e7lar\u0131n\u0131 kar\u015f\u0131lamaya y\u00f6nelik olarak belirlendi. Tav\u015fanl\u0131 Belediyesi Halk Ekmek b\u00fcfelerinde ise 400 gram ramazan pidesi 25 TL\u2019den sat\u0131lacak. Belediyenin&#8230;<\/p>\n","protected":false},"author":1,"featured_media":23346,"comment_status":"open","ping_status":"open","sticky":false,"template":"","format":"standard","meta":{"_crdt_document":"","footnotes":""},"categories":[125],"tags":[],"class_list":["post-23345","post","type-post","status-publish","format-standard","has-post-thumbnail","hentry","category-ekonomi"],"_links":{"self":[{"href":"https:\/\/www.egemtv.com\/index.php?rest_route=\/wp\/v2\/posts\/23345","targetHints":{"allow":["GET"]}}],"collection":[{"href":"https:\/\/www.egemtv.com\/index.php?rest_route=\/wp\/v2\/posts"}],"about":[{"href":"https:\/\/www.egemtv.com\/index.php?rest_route=\/wp\/v2\/types\/post"}],"author":[{"embeddable":true,"href":"https:\/\/www.egemtv.com\/index.php?rest_route=\/wp\/v2\/users\/1"}],"replies":[{"embeddable":true,"href":"https:\/\/www.egemtv.com\/index.php?rest_route=%2Fwp%2Fv2%2Fcomments&post=23345"}],"version-history":[{"count":1,"href":"https:\/\/www.egemtv.com\/index.php?rest_route=\/wp\/v2\/posts\/23345\/revisions"}],"predecessor-version":[{"id":23347,"href":"https:\/\/www.egemtv.com\/index.php?rest_route=\/wp\/v2\/posts\/23345\/revisions\/23347"}],"wp:featuredmedia":[{"embeddable":true,"href":"https:\/\/www.egemtv.com\/index.php?rest_route=\/wp\/v2\/media\/23346"}],"wp:attachment":[{"href":"https:\/\/www.egemtv.com\/index.php?rest_route=%2Fwp%2Fv2%2Fmedia&parent=23345"}],"wp:term":[{"taxonomy":"category","embeddable":true,"href":"https:\/\/www.egemtv.com\/index.php?rest_route=%2Fwp%2Fv2%2Fcategories&post=23345"},{"taxonomy":"post_tag","embeddable":true,"href":"https:\/\/www.egemtv.com\/index.php?rest_route=%2Fwp%2Fv2%2Ftags&post=23345"}],"curies":[{"name":"wp","href":"https:\/\/api.w.org\/{rel}","templated":true}]}}