{"id":23342,"date":"2025-03-01T14:48:03","date_gmt":"2025-03-01T11:48:03","guid":{"rendered":"https:\/\/www.egemtv.com\/?p=23342"},"modified":"2025-03-01T14:48:08","modified_gmt":"2025-03-01T11:48:08","slug":"ogrenci-yurtlarinda-ramazan-koseleri-hazirlandi","status":"publish","type":"post","link":"https:\/\/www.egemtv.com\/?p=23342","title":{"rendered":"\u00d6\u011frenci yurtlar\u0131nda Ramazan k\u00f6\u015feleri haz\u0131rland\u0131"},"content":{"rendered":"<p>Gen\u00e7lik ve Spor Bakanl\u0131\u011f\u0131\u2019na (GSB) ba\u011fl\u0131 Mu\u011fla yurtlar\u0131nda, On Bir Ay\u0131n Sultan\u0131 Ramazan ay\u0131 co\u015fkuyla kar\u015f\u0131lan\u0131rken, yurtlarda Ramazan k\u00f6\u015feleri haz\u0131rland\u0131.<\/p>\n<p>\u00d6\u011frencilerin Ramazan\u2019\u0131n manevi atmosferini en g\u00fczel \u015fekilde ya\u015fayabilmesi i\u00e7in t\u00fcm yurtlarda Ramazan K\u00f6\u015feleri haz\u0131rland\u0131 ve mescitle m\u00fcbarek aya uygun \u015fekilde s\u00fcslendi. GSB Mu\u011fla yurtlar\u0131nda kalan \u00f6\u011frenciler, Ramazan boyunca manevi atmosferi hep birlikte payla\u015facak. Ramazan ay\u0131na \u00f6zel etkinlikler ve iftar programlar\u0131yla \u00f6\u011frencilerin birlik ve beraberlik i\u00e7inde bir Ramazan ge\u00e7irmesi hedefleniyor. Yetkililer, \u00f6\u011frencilerin hem ibadetlerini rahat\u00e7a yerine getirebilmeleri hem de Ramazan\u2019\u0131n anlam ve \u00f6nemini daha iyi idrak edebilmeleri i\u00e7in gerekli t\u00fcm d\u00fczenlemelerin yap\u0131ld\u0131\u011f\u0131n\u0131 belirtti. GSB Mu\u011fla yurtlar\u0131nda Ramazan s\u00fcresince \u00e7e\u015fitli etkinlikler ve programlar d\u00fczenlenerek, \u00f6\u011frencilerin bir araya gelmesi ve bu m\u00fcbarek ay\u0131n ruhunu birlikte ya\u015famas\u0131 sa\u011flanacak.<br \/><\/p>\n","protected":false},"excerpt":{"rendered":"<p>Gen\u00e7lik ve Spor Bakanl\u0131\u011f\u0131\u2019na (GSB) ba\u011fl\u0131 Mu\u011fla yurtlar\u0131nda, On Bir Ay\u0131n Sultan\u0131 Ramazan ay\u0131 co\u015fkuyla kar\u015f\u0131lan\u0131rken, yurtlarda Ramazan k\u00f6\u015feleri haz\u0131rland\u0131. \u00d6\u011frencilerin Ramazan\u2019\u0131n manevi atmosferini en g\u00fczel \u015fekilde ya\u015fayabilmesi i\u00e7in t\u00fcm yurtlarda Ramazan K\u00f6\u015feleri haz\u0131rland\u0131 ve mescitle m\u00fcbarek aya uygun \u015fekilde s\u00fcslendi. GSB Mu\u011fla yurtlar\u0131nda kalan \u00f6\u011frenciler, Ramazan boyunca manevi atmosferi hep birlikte payla\u015facak. Ramazan ay\u0131na&#8230;<\/p>\n","protected":false},"author":1,"featured_media":23343,"comment_status":"open","ping_status":"open","sticky":false,"template":"","format":"standard","meta":{"_crdt_document":"","footnotes":""},"categories":[1],"tags":[],"class_list":["post-23342","post","type-post","status-publish","format-standard","has-post-thumbnail","hentry","category-guncel"],"_links":{"self":[{"href":"https:\/\/www.egemtv.com\/index.php?rest_route=\/wp\/v2\/posts\/23342","targetHints":{"allow":["GET"]}}],"collection":[{"href":"https:\/\/www.egemtv.com\/index.php?rest_route=\/wp\/v2\/posts"}],"about":[{"href":"https:\/\/www.egemtv.com\/index.php?rest_route=\/wp\/v2\/types\/post"}],"author":[{"embeddable":true,"href":"https:\/\/www.egemtv.com\/index.php?rest_route=\/wp\/v2\/users\/1"}],"replies":[{"embeddable":true,"href":"https:\/\/www.egemtv.com\/index.php?rest_route=%2Fwp%2Fv2%2Fcomments&post=23342"}],"version-history":[{"count":1,"href":"https:\/\/www.egemtv.com\/index.php?rest_route=\/wp\/v2\/posts\/23342\/revisions"}],"predecessor-version":[{"id":23344,"href":"https:\/\/www.egemtv.com\/index.php?rest_route=\/wp\/v2\/posts\/23342\/revisions\/23344"}],"wp:featuredmedia":[{"embeddable":true,"href":"https:\/\/www.egemtv.com\/index.php?rest_route=\/wp\/v2\/media\/23343"}],"wp:attachment":[{"href":"https:\/\/www.egemtv.com\/index.php?rest_route=%2Fwp%2Fv2%2Fmedia&parent=23342"}],"wp:term":[{"taxonomy":"category","embeddable":true,"href":"https:\/\/www.egemtv.com\/index.php?rest_route=%2Fwp%2Fv2%2Fcategories&post=23342"},{"taxonomy":"post_tag","embeddable":true,"href":"https:\/\/www.egemtv.com\/index.php?rest_route=%2Fwp%2Fv2%2Ftags&post=23342"}],"curies":[{"name":"wp","href":"https:\/\/api.w.org\/{rel}","templated":true}]}}