{"id":23339,"date":"2025-03-01T14:47:58","date_gmt":"2025-03-01T11:47:58","guid":{"rendered":"https:\/\/www.egemtv.com\/?p=23339"},"modified":"2025-03-01T14:48:03","modified_gmt":"2025-03-01T11:48:03","slug":"bize-gulmek-lazim-izleyicisiyle-bulustu","status":"publish","type":"post","link":"https:\/\/www.egemtv.com\/?p=23339","title":{"rendered":"\u2018Bize G\u00fclmek Laz\u0131m\u2019 izleyicisiyle bulu\u015ftu"},"content":{"rendered":"<p>Bize G\u00fclmek Laz\u0131m adl\u0131 tiyatro oyunu Gazi Mustafa Kemal Atat\u00fcrk K\u00fclt\u00fcr Merkezi\u2019nde izleyicisiyle bulu\u015ftu.<br \/>\n<br \/>Mu\u011fla B\u00fcy\u00fck\u015fehir Belediyesi\u2019nin katk\u0131lar\u0131yla sahnelenen Bize G\u00fclmek Laz\u0131m adl\u0131 m\u00fczikal komedi tek perdeden ve 4 farkl\u0131 ske\u00e7ten olu\u015ftu. Y\u00f6netmenli\u011fini Murat Meral\u2019in yapt\u0131\u011f\u0131 Bize G\u00fclmek Laz\u0131m adl\u0131 m\u00fczikalinin oyuncular\u0131n\u0131n b\u00fcy\u00fck b\u00f6l\u00fcm\u00fcn\u00fc Mu\u011fla B\u00fcy\u00fck\u015fehir Belediyesi \u00e7al\u0131\u015fanlar\u0131 olu\u015fturdu. \u0130zleyicileri kahkahaya bo\u011fan oyunu Mu\u011fla B\u00fcy\u00fck\u015fehir Belediyesi Genel Sekreteri Tayfun Y\u0131lmaz ve \u00e7ok say\u0131da sanatsever izledi.<br \/>\n<br \/>Y\u0131lmaz: Sanat\u0131n ve sanat\u00e7\u0131n\u0131n yan\u0131nday\u0131z<br \/>\n<br \/>Bize G\u00fclmek Laz\u0131m adl\u0131 oyunun ard\u0131ndan oyunculara \u00e7i\u00e7ek taktim eden Mu\u011fla B\u00fcy\u00fck\u015fehir Belediyesi Genel Sekreteri Tayfun Y\u0131lmaz &#8220;B\u00fcy\u00fck\u015fehir Belediye Ba\u015fkan\u0131m\u0131z Say\u0131n Ahmet Aras\u2019\u0131n sizlere selam ve sayg\u0131lar\u0131n\u0131 iletiyorum. B\u00fcy\u00fck\u015fehir Belediyesi olarak sanat\u0131n ve sanat\u00e7\u0131n\u0131n yan\u0131nda olmaya devam edece\u011fiz. Sanat toplumlar\u0131 bir araya getiren, d\u00fc\u015f\u00fcnceleri geli\u015ftiren ve estetik alg\u0131y\u0131 g\u00fc\u00e7lendiren en \u00f6nemli unsurlardan biridir. Bu bilin\u00e7le hareket ederek sanat\u0131 daha geni\u015f kitlelere ula\u015ft\u0131rmak i\u00e7in \u00e7al\u0131\u015f\u0131yoruz&#8221; dedi.<br \/><\/p>\n","protected":false},"excerpt":{"rendered":"<p>Bize G\u00fclmek Laz\u0131m adl\u0131 tiyatro oyunu Gazi Mustafa Kemal Atat\u00fcrk K\u00fclt\u00fcr Merkezi\u2019nde izleyicisiyle bulu\u015ftu. Mu\u011fla B\u00fcy\u00fck\u015fehir Belediyesi\u2019nin katk\u0131lar\u0131yla sahnelenen Bize G\u00fclmek Laz\u0131m adl\u0131 m\u00fczikal komedi tek perdeden ve 4 farkl\u0131 ske\u00e7ten olu\u015ftu. Y\u00f6netmenli\u011fini Murat Meral\u2019in yapt\u0131\u011f\u0131 Bize G\u00fclmek Laz\u0131m adl\u0131 m\u00fczikalinin oyuncular\u0131n\u0131n b\u00fcy\u00fck b\u00f6l\u00fcm\u00fcn\u00fc Mu\u011fla B\u00fcy\u00fck\u015fehir Belediyesi \u00e7al\u0131\u015fanlar\u0131 olu\u015fturdu. \u0130zleyicileri kahkahaya bo\u011fan oyunu Mu\u011fla B\u00fcy\u00fck\u015fehir&#8230;<\/p>\n","protected":false},"author":1,"featured_media":23340,"comment_status":"open","ping_status":"open","sticky":false,"template":"","format":"standard","meta":{"_crdt_document":"","footnotes":""},"categories":[1],"tags":[],"class_list":["post-23339","post","type-post","status-publish","format-standard","has-post-thumbnail","hentry","category-guncel"],"_links":{"self":[{"href":"https:\/\/www.egemtv.com\/index.php?rest_route=\/wp\/v2\/posts\/23339","targetHints":{"allow":["GET"]}}],"collection":[{"href":"https:\/\/www.egemtv.com\/index.php?rest_route=\/wp\/v2\/posts"}],"about":[{"href":"https:\/\/www.egemtv.com\/index.php?rest_route=\/wp\/v2\/types\/post"}],"author":[{"embeddable":true,"href":"https:\/\/www.egemtv.com\/index.php?rest_route=\/wp\/v2\/users\/1"}],"replies":[{"embeddable":true,"href":"https:\/\/www.egemtv.com\/index.php?rest_route=%2Fwp%2Fv2%2Fcomments&post=23339"}],"version-history":[{"count":1,"href":"https:\/\/www.egemtv.com\/index.php?rest_route=\/wp\/v2\/posts\/23339\/revisions"}],"predecessor-version":[{"id":23341,"href":"https:\/\/www.egemtv.com\/index.php?rest_route=\/wp\/v2\/posts\/23339\/revisions\/23341"}],"wp:featuredmedia":[{"embeddable":true,"href":"https:\/\/www.egemtv.com\/index.php?rest_route=\/wp\/v2\/media\/23340"}],"wp:attachment":[{"href":"https:\/\/www.egemtv.com\/index.php?rest_route=%2Fwp%2Fv2%2Fmedia&parent=23339"}],"wp:term":[{"taxonomy":"category","embeddable":true,"href":"https:\/\/www.egemtv.com\/index.php?rest_route=%2Fwp%2Fv2%2Fcategories&post=23339"},{"taxonomy":"post_tag","embeddable":true,"href":"https:\/\/www.egemtv.com\/index.php?rest_route=%2Fwp%2Fv2%2Ftags&post=23339"}],"curies":[{"name":"wp","href":"https:\/\/api.w.org\/{rel}","templated":true}]}}