{"id":23336,"date":"2025-03-01T14:47:53","date_gmt":"2025-03-01T11:47:53","guid":{"rendered":"https:\/\/www.egemtv.com\/?p=23336"},"modified":"2025-03-01T14:47:58","modified_gmt":"2025-03-01T11:47:58","slug":"aydinda-hayvan-hastaliklari-ile-mucadeleye-dikkat-cekildi","status":"publish","type":"post","link":"https:\/\/www.egemtv.com\/?p=23336","title":{"rendered":"Ayd\u0131n\u2019da hayvan hastal\u0131klar\u0131 ile m\u00fccadeleye dikkat \u00e7ekildi"},"content":{"rendered":"<p>Ayd\u0131n \u0130l Tar\u0131m ve Orman M\u00fcd\u00fcrl\u00fc\u011f\u00fc koordinesinde d\u00fczenlenen toplant\u0131da hayvan hastal\u0131klar\u0131 ile m\u00fccadeleye y\u00f6nelik \u00e7al\u0131\u015fmalar de\u011ferlendirildi.<br \/>\n<br \/>Hayvan Hastal\u0131klar\u0131 \u0130le M\u00fccadele \u00c7al\u0131\u015fmalar\u0131 De\u011ferlendirme Toplant\u0131s\u0131, Ayd\u0131n \u0130l Tar\u0131m ve Orman M\u00fcd\u00fcrl\u00fc\u011f\u00fc koordinesinde ger\u00e7ekle\u015ftirildi. \u0130l M\u00fcd\u00fcr\u00fc \u0130brahim Alt\u0131nta\u015f ba\u015fkanl\u0131\u011f\u0131nda ger\u00e7ekle\u015ftirilen toplant\u0131ya Hayvan Sa\u011fl\u0131\u011f\u0131 ve Yeti\u015ftiricili\u011fi \u015eube M\u00fcd\u00fcrl\u00fc\u011f\u00fc personeli ile 17 il\u00e7e m\u00fcd\u00fcrl\u00fc\u011f\u00fcnde g\u00f6revli veteriner hekimler kat\u0131ld\u0131. Hayvan hastal\u0131klar\u0131 ile m\u00fccadele \u00e7al\u0131\u015fmalar\u0131n\u0131n de\u011ferlendirildi\u011fi toplant\u0131da Tar\u0131m ve Orman Bakanl\u0131\u011f\u0131 G\u0131da ve Kontrol Genel M\u00fcd\u00fcrl\u00fc\u011f\u00fc taraf\u0131ndan yay\u0131mlanan 2025\/01 say\u0131l\u0131 2025 Y\u0131l\u0131 Hayvan Hastal\u0131klar\u0131 \u0130le M\u00fccadele ve Hayvan Hareketleri Kontrol\u00fc Genelgesi h\u00fck\u00fcmleri kapsam\u0131nda, il genelindeki 2024 y\u0131l\u0131 hayvan sa\u011fl\u0131\u011f\u0131 ile ilgili \u00e7al\u0131\u015fmalar g\u00f6r\u00fc\u015f\u00fcl\u00fcrken, 2025 y\u0131l\u0131nda yap\u0131lacak olan \u00e7al\u0131\u015fmalara ait program ile yeni uygulamalar\u0131n planlamas\u0131 yap\u0131ld\u0131.<br \/><\/p>\n","protected":false},"excerpt":{"rendered":"<p>Ayd\u0131n \u0130l Tar\u0131m ve Orman M\u00fcd\u00fcrl\u00fc\u011f\u00fc koordinesinde d\u00fczenlenen toplant\u0131da hayvan hastal\u0131klar\u0131 ile m\u00fccadeleye y\u00f6nelik \u00e7al\u0131\u015fmalar de\u011ferlendirildi. Hayvan Hastal\u0131klar\u0131 \u0130le M\u00fccadele \u00c7al\u0131\u015fmalar\u0131 De\u011ferlendirme Toplant\u0131s\u0131, Ayd\u0131n \u0130l Tar\u0131m ve Orman M\u00fcd\u00fcrl\u00fc\u011f\u00fc koordinesinde ger\u00e7ekle\u015ftirildi. \u0130l M\u00fcd\u00fcr\u00fc \u0130brahim Alt\u0131nta\u015f ba\u015fkanl\u0131\u011f\u0131nda ger\u00e7ekle\u015ftirilen toplant\u0131ya Hayvan Sa\u011fl\u0131\u011f\u0131 ve Yeti\u015ftiricili\u011fi \u015eube M\u00fcd\u00fcrl\u00fc\u011f\u00fc personeli ile 17 il\u00e7e m\u00fcd\u00fcrl\u00fc\u011f\u00fcnde g\u00f6revli veteriner hekimler kat\u0131ld\u0131. Hayvan hastal\u0131klar\u0131&#8230;<\/p>\n","protected":false},"author":1,"featured_media":23337,"comment_status":"open","ping_status":"open","sticky":false,"template":"","format":"standard","meta":{"_crdt_document":"","footnotes":""},"categories":[1],"tags":[],"class_list":["post-23336","post","type-post","status-publish","format-standard","has-post-thumbnail","hentry","category-guncel"],"_links":{"self":[{"href":"https:\/\/www.egemtv.com\/index.php?rest_route=\/wp\/v2\/posts\/23336","targetHints":{"allow":["GET"]}}],"collection":[{"href":"https:\/\/www.egemtv.com\/index.php?rest_route=\/wp\/v2\/posts"}],"about":[{"href":"https:\/\/www.egemtv.com\/index.php?rest_route=\/wp\/v2\/types\/post"}],"author":[{"embeddable":true,"href":"https:\/\/www.egemtv.com\/index.php?rest_route=\/wp\/v2\/users\/1"}],"replies":[{"embeddable":true,"href":"https:\/\/www.egemtv.com\/index.php?rest_route=%2Fwp%2Fv2%2Fcomments&post=23336"}],"version-history":[{"count":1,"href":"https:\/\/www.egemtv.com\/index.php?rest_route=\/wp\/v2\/posts\/23336\/revisions"}],"predecessor-version":[{"id":23338,"href":"https:\/\/www.egemtv.com\/index.php?rest_route=\/wp\/v2\/posts\/23336\/revisions\/23338"}],"wp:featuredmedia":[{"embeddable":true,"href":"https:\/\/www.egemtv.com\/index.php?rest_route=\/wp\/v2\/media\/23337"}],"wp:attachment":[{"href":"https:\/\/www.egemtv.com\/index.php?rest_route=%2Fwp%2Fv2%2Fmedia&parent=23336"}],"wp:term":[{"taxonomy":"category","embeddable":true,"href":"https:\/\/www.egemtv.com\/index.php?rest_route=%2Fwp%2Fv2%2Fcategories&post=23336"},{"taxonomy":"post_tag","embeddable":true,"href":"https:\/\/www.egemtv.com\/index.php?rest_route=%2Fwp%2Fv2%2Ftags&post=23336"}],"curies":[{"name":"wp","href":"https:\/\/api.w.org\/{rel}","templated":true}]}}