{"id":23333,"date":"2025-03-01T14:26:49","date_gmt":"2025-03-01T11:26:49","guid":{"rendered":"https:\/\/www.egemtv.com\/?p=23333"},"modified":"2025-03-01T14:26:54","modified_gmt":"2025-03-01T11:26:54","slug":"tavsanlida-32-okula-spor-malzemesi-destegi","status":"publish","type":"post","link":"https:\/\/www.egemtv.com\/?p=23333","title":{"rendered":"Tav\u015fanl\u0131\u2019da 32 okula spor malzemesi deste\u011fi"},"content":{"rendered":"<p>K\u00fctahya Gen\u00e7lik ve Spor \u0130l M\u00fcd\u00fcrl\u00fc\u011f\u00fc\u2019nce Tav\u015fanl\u0131\u2019da d\u00fczenlenen t\u00f6renle d\u00f6rt il\u00e7eden toplam 32 okula spor malzeme deste\u011finde bulunuldu.<br \/>\n<br \/>Programa Tav\u015fanl\u0131 Kaymakam\u0131 Hayrettin Bask\u0131n, K\u00fctahya Milletvekili Mehmet Demir, Tav\u015fanl\u0131 Belediye Ba\u015fkan\u0131 Ali Kemal Derin, Gen\u00e7lik ve Spor \u0130l M\u00fcd\u00fcr\u00fc B\u00fclent K\u00fc\u00e7\u00fck, Tav\u015fanl\u0131 \u0130l\u00e7e Milli E\u011fitim M\u00fcd\u00fcr\u00fc Ra\u015fit Refik K\u00fc\u00e7\u00fckka\u011fn\u0131c\u0131, Tav\u015fanl\u0131 Emniyet M\u00fcd\u00fcr\u00fc G\u00fcven T\u00fcrkmen, siyasi parti temsilcileri, okul m\u00fcd\u00fcrleri \u00f6\u011fretmenler ve yakla\u015f\u0131k 900 \u00f6\u011frenci kat\u0131ld\u0131. Gen\u00e7lik ve Spor Bakanl\u0131\u011f\u0131\u2019n\u0131n destekleriyle, K\u00fctahya Gen\u00e7lik ve Spor \u0130l M\u00fcd\u00fcrl\u00fc\u011f\u00fc taraf\u0131ndan y\u00fcr\u00fct\u00fclen &#8220;Spor Yap\u0131n Fark\u0131n\u0131z Olsun; Emek Sizden, Destek Bizden&#8221; projesi kapsam\u0131nda 32 okula, toplamda 640 tak\u0131m e\u015fofman, 64 basketbol topu, 64 voleybol topu ve 64 futbol topu deste\u011fi sa\u011fland\u0131.<br \/>\n<br \/>Tav\u015fanl\u0131 Kapal\u0131 Spor Salonu\u2019nda d\u00fczenlenen t\u00f6rende konu\u015fan AK Parti K\u00fctahya Milletvekili Mehmet Demir, 17 \u015eubat\u2019ta ilk t\u00f6renin Dumlup\u0131nar Kapal\u0131 Spor Salonu\u2019nda Milli At\u0131c\u0131 Yusuf Dike\u00e7\u2019in kat\u0131l\u0131m\u0131yla ger\u00e7ekle\u015ftirildi\u011fini hat\u0131rlatarak il genelinde \u00f6rnek sporcular\u0131n yeti\u015fmesi i\u00e7in ellerinden gelenin en iyisini yapacaklar\u0131n\u0131 kaydetti.<br \/>\n<br \/>Milletvekili Demir konu\u015fmas\u0131nda \u015fu ifadeleri kulland\u0131;  &#8220;\u0130kincisini Tav\u015fanl\u0131 il\u00e7emizde d\u00fczenledi\u011fimiz bu programda Tav\u015fanl\u0131, Emet, Domani\u00e7 ve Hisarc\u0131k\u2019ta e\u011fitim veren toplam 32 okulumuza malzeme yard\u0131m\u0131nda bulunuyoruz. Programlar\u0131 d\u00fczenleyen ba\u015fta \u0130l Gen\u00e7lik ve Spor M\u00fcd\u00fcrl\u00fc\u011f\u00fcm\u00fcz olmak \u00fczere t\u00fcm payda\u015f kurumlara te\u015fekk\u00fcr ediyorum. Burada esas g\u00f6rev siz gen\u00e7lere d\u00fc\u015f\u00fcyor. \u015eimdi sizden bir s\u00f6z vermenizi istiyorum: Ba\u015far\u0131dan ba\u015far\u0131ya ko\u015fmaya var m\u0131s\u0131n\u0131z? E\u011fer siz s\u00f6z veriyorsan\u0131z, biz de size daha \u00e7ok destek olmaya ve her zaman yan\u0131n\u0131zda olmaya s\u00f6z veriyoruz.&#8221;  Tav\u015fanl\u0131 Kaymakam\u0131 Hayrettin Bask\u0131n ise &#8220;Emek Sizden, Destek Bizden&#8221; slogan\u0131yla hayata ge\u00e7irilen projenin \u00f6nemine vurgu yaparak K\u00fctahya Valisi Musa I\u015f\u0131n, AK Parti K\u00fctahya Milletvekili Mehmet Demir ve ilgili kurum amirlerine Tav\u015fanl\u0131 gen\u00e7li\u011fi ad\u0131na te\u015fekk\u00fcr etti. Program, protokol mensuplar\u0131n\u0131n gen\u00e7lere malzemelerini teslim etmesi ve protokol \u00fcyelerinin basketbol potas\u0131na at\u0131\u015f yapmas\u0131yla sona erdi.<br \/><\/p>\n","protected":false},"excerpt":{"rendered":"<p>K\u00fctahya Gen\u00e7lik ve Spor \u0130l M\u00fcd\u00fcrl\u00fc\u011f\u00fc\u2019nce Tav\u015fanl\u0131\u2019da d\u00fczenlenen t\u00f6renle d\u00f6rt il\u00e7eden toplam 32 okula spor malzeme deste\u011finde bulunuldu. Programa Tav\u015fanl\u0131 Kaymakam\u0131 Hayrettin Bask\u0131n, K\u00fctahya Milletvekili Mehmet Demir, Tav\u015fanl\u0131 Belediye Ba\u015fkan\u0131 Ali Kemal Derin, Gen\u00e7lik ve Spor \u0130l M\u00fcd\u00fcr\u00fc B\u00fclent K\u00fc\u00e7\u00fck, Tav\u015fanl\u0131 \u0130l\u00e7e Milli E\u011fitim M\u00fcd\u00fcr\u00fc Ra\u015fit Refik K\u00fc\u00e7\u00fckka\u011fn\u0131c\u0131, Tav\u015fanl\u0131 Emniyet M\u00fcd\u00fcr\u00fc G\u00fcven T\u00fcrkmen, siyasi parti&#8230;<\/p>\n","protected":false},"author":1,"featured_media":23334,"comment_status":"open","ping_status":"open","sticky":false,"template":"","format":"standard","meta":{"_crdt_document":"","footnotes":""},"categories":[4],"tags":[],"class_list":["post-23333","post","type-post","status-publish","format-standard","has-post-thumbnail","hentry","category-spor"],"_links":{"self":[{"href":"https:\/\/www.egemtv.com\/index.php?rest_route=\/wp\/v2\/posts\/23333","targetHints":{"allow":["GET"]}}],"collection":[{"href":"https:\/\/www.egemtv.com\/index.php?rest_route=\/wp\/v2\/posts"}],"about":[{"href":"https:\/\/www.egemtv.com\/index.php?rest_route=\/wp\/v2\/types\/post"}],"author":[{"embeddable":true,"href":"https:\/\/www.egemtv.com\/index.php?rest_route=\/wp\/v2\/users\/1"}],"replies":[{"embeddable":true,"href":"https:\/\/www.egemtv.com\/index.php?rest_route=%2Fwp%2Fv2%2Fcomments&post=23333"}],"version-history":[{"count":1,"href":"https:\/\/www.egemtv.com\/index.php?rest_route=\/wp\/v2\/posts\/23333\/revisions"}],"predecessor-version":[{"id":23335,"href":"https:\/\/www.egemtv.com\/index.php?rest_route=\/wp\/v2\/posts\/23333\/revisions\/23335"}],"wp:featuredmedia":[{"embeddable":true,"href":"https:\/\/www.egemtv.com\/index.php?rest_route=\/wp\/v2\/media\/23334"}],"wp:attachment":[{"href":"https:\/\/www.egemtv.com\/index.php?rest_route=%2Fwp%2Fv2%2Fmedia&parent=23333"}],"wp:term":[{"taxonomy":"category","embeddable":true,"href":"https:\/\/www.egemtv.com\/index.php?rest_route=%2Fwp%2Fv2%2Fcategories&post=23333"},{"taxonomy":"post_tag","embeddable":true,"href":"https:\/\/www.egemtv.com\/index.php?rest_route=%2Fwp%2Fv2%2Ftags&post=23333"}],"curies":[{"name":"wp","href":"https:\/\/api.w.org\/{rel}","templated":true}]}}