{"id":23330,"date":"2025-03-01T14:26:44","date_gmt":"2025-03-01T11:26:44","guid":{"rendered":"https:\/\/www.egemtv.com\/?p=23330"},"modified":"2025-03-01T14:26:49","modified_gmt":"2025-03-01T11:26:49","slug":"ege-kariyer-fuari-50-bin-ogrenciyi-teknoloji-ve-is-dunyasi-ile-bulusturdu","status":"publish","type":"post","link":"https:\/\/www.egemtv.com\/?p=23330","title":{"rendered":"Ege Kariyer Fuar\u0131 50 bin \u00f6\u011frenciyi teknoloji ve i\u015f d\u00fcnyas\u0131 ile bulu\u015fturdu"},"content":{"rendered":"<p>Cumhurba\u015fkanl\u0131\u011f\u0131 \u0130nsan Kaynaklar\u0131 Ofisi\u2019nin himayelerinde, Manisa Celal Bayar \u00dcniversitesi\u2019nin ev sahipli\u011finde d\u00fczenlenen Ege Kariyer Fuar\u0131 (EGEKAF\u201925), &#8220;Toplum 5.0&#8221; temas\u0131yla yakla\u015f\u0131k 50 bin \u00f6\u011frenciyi teknoloji ve i\u015f d\u00fcnyas\u0131 ile bir araya getirdi. 16 \u00fcniversitenin i\u015f birli\u011fiyle iki g\u00fcn s\u00fcren fuar, kat\u0131l\u0131mc\u0131 say\u0131s\u0131 ve i\u00e7erik zenginli\u011fiyle b\u00fcy\u00fck ilgi toplad\u0131.<br \/>\n<br \/>Manisa Valili\u011fi, Manisa Ticaret ve Sanayi Odas\u0131, Manisa Organize Sanayi B\u00f6lge M\u00fcd\u00fcrl\u00fc\u011f\u00fc\u2019n\u00fcn ana sponsoru oldu\u011fu ve Manisa Celal Bayar \u00dcniversitesi\u2019nin (MCB\u00dc) ev sahipli\u011finde ger\u00e7ekle\u015ftirilen Ege Kariyer Fuar\u0131 (EGEKAF\u201925), MCB\u00dc \u015eehzadeler Yerle\u015fkesi\u2019nde b\u00fcy\u00fck bir ba\u015far\u0131yla tamamland\u0131. Yakla\u015f\u0131k 50 bin \u00f6\u011frencinin kat\u0131l\u0131m g\u00f6sterdi\u011fi fuarda iki g\u00fcn s\u00fcren etkinlikler boyunca kariyer s\u00f6yle\u015fileri, at\u00f6lye \u00e7al\u0131\u015fmalar\u0131, paneller ve yar\u0131\u015fmalar d\u00fczenlendi. Fuar, \u00f6\u011frencilere farkl\u0131 sekt\u00f6rlerden temsilcilerle tan\u0131\u015fma ve kariyer planlamalar\u0131na y\u00f6n verme imkan\u0131 sundu. Spor, sanat, medya, bilim ve i\u015f d\u00fcnyas\u0131ndan \u00f6nemli isimler fuara konu\u015fmac\u0131 olarak kat\u0131ld\u0131. Etkinliklerin paralel salonlarda e\u015f zamanl\u0131 olarak ger\u00e7ekle\u015ftirilmesi, kat\u0131l\u0131mc\u0131lar\u0131n daha fazla f\u0131rsatla kar\u015f\u0131la\u015fmas\u0131n\u0131 sa\u011flad\u0131. Ege Kariyer Fuar\u0131n\u0131n organizasyonunda bin 500 \u00f6\u011frenci g\u00f6n\u00fcll\u00fc olarak g\u00f6rev ald\u0131.  Fuar\u0131n \u00f6nemli bir yenili\u011fi, \u00f6\u011frencilere MCB\u00dc Kamp\u00fcs yaz\u0131l\u0131m\u0131 arac\u0131l\u0131\u011f\u0131yla sunulan dijital \u00e7\u00f6z\u00fcmlerdi. MCBU Kamp\u00fcs yaz\u0131l\u0131m\u0131 \u0130\u015eKUR ile senkronize edilerek \u00f6\u011frencilerin i\u015f ve staj bulma durumlar\u0131 art\u0131k anl\u0131k takip edilebilecek. Etkinlik sonras\u0131 yap\u0131lan de\u011ferlendirmelerde, fuar\u0131n \u00f6\u011frencilere i\u015f d\u00fcnyas\u0131yla do\u011frudan temas kurma f\u0131rsat\u0131 sundu\u011fu ve kariyer planlamalar\u0131na \u00f6nemli katk\u0131 sa\u011flad\u0131\u011f\u0131 vurguland\u0131.<\/p>\n<p>Rekt\u00f6r Kibar: &#8220;Fuar, gelece\u011fin i\u015f d\u00fcnyas\u0131na haz\u0131rl\u0131k oldu&#8221;<br \/>\n<br \/>Fuar\u0131 de\u011ferlendiren Manisa CB\u00dc Rekt\u00f6r\u00fc Prof. Dr. Rana Kibar, &#8220;EGEKAF\u201925, \u00f6\u011frencilerimizin i\u015f d\u00fcnyas\u0131yla do\u011frudan temas kurmalar\u0131na olanak sa\u011flamakla kalmad\u0131, ayn\u0131 zamanda onlar\u0131n dijital yetkinliklerini geli\u015ftirmelerine de yard\u0131mc\u0131 oldu. Fuar, \u00f6\u011frencilerimizi kariyer f\u0131rsatlar\u0131yla bulu\u015fturdu ve onlar\u0131 gelece\u011fin i\u015f d\u00fcnyas\u0131na haz\u0131rlayan bir k\u00f6pr\u00fc g\u00f6revi g\u00f6rd\u00fc. \u2018Toplum 5.0\u2019 temas\u0131, dijitalle\u015fen d\u00fcnyada \u00f6\u011frencilerimizin daha g\u00fc\u00e7l\u00fc bir \u015fekilde yer alabilmeleri i\u00e7in \u00f6nemli bir zemin olu\u015fturdu. MCB\u00dc Kamp\u00fcs yaz\u0131l\u0131m\u0131 gibi yenilik\u00e7i uygulamalar, organizasyonel ba\u015far\u0131y\u0131 peki\u015ftirerek \u00f6\u011frencilerimize i\u015f ba\u015fvurular\u0131n\u0131 ve staj s\u00fcre\u00e7lerini takip etme konusunda b\u00fcy\u00fck kolayl\u0131k sa\u011flad\u0131. Bu t\u00fcr etkinliklerin, gen\u00e7lerimizin i\u015f g\u00fcc\u00fc piyasas\u0131nda daha etkin bir \u015fekilde yer alabilmeleri ad\u0131na ne denli \u00f6nemli oldu\u011funu bir kez daha g\u00f6rm\u00fc\u015f olduk&#8221; dedi.<br \/>\n<br \/>EGEKAF\u201925, b\u00f6lgedeki en kapsaml\u0131 kariyer fuarlar\u0131ndan biri olarak, kat\u0131l\u0131mc\u0131 say\u0131s\u0131 ve i\u00e7erik zenginli\u011fiyle b\u00fcy\u00fck ilgi toplad\u0131. Fuar, \u00f6\u011frencilerin i\u015f d\u00fcnyas\u0131na daha g\u00fc\u00e7l\u00fc bir \u015fekilde ad\u0131m atmalar\u0131na olanak tan\u0131yan \u00f6nemli bir etkinlik olarak haf\u0131zalarda yerini ald\u0131.<br \/><\/p>\n","protected":false},"excerpt":{"rendered":"<p>Cumhurba\u015fkanl\u0131\u011f\u0131 \u0130nsan Kaynaklar\u0131 Ofisi\u2019nin himayelerinde, Manisa Celal Bayar \u00dcniversitesi\u2019nin ev sahipli\u011finde d\u00fczenlenen Ege Kariyer Fuar\u0131 (EGEKAF\u201925), &#8220;Toplum 5.0&#8221; temas\u0131yla yakla\u015f\u0131k 50 bin \u00f6\u011frenciyi teknoloji ve i\u015f d\u00fcnyas\u0131 ile bir araya getirdi. 16 \u00fcniversitenin i\u015f birli\u011fiyle iki g\u00fcn s\u00fcren fuar, kat\u0131l\u0131mc\u0131 say\u0131s\u0131 ve i\u00e7erik zenginli\u011fiyle b\u00fcy\u00fck ilgi toplad\u0131. Manisa Valili\u011fi, Manisa Ticaret ve Sanayi Odas\u0131, Manisa&#8230;<\/p>\n","protected":false},"author":1,"featured_media":23331,"comment_status":"open","ping_status":"open","sticky":false,"template":"","format":"standard","meta":{"_crdt_document":"","footnotes":""},"categories":[1],"tags":[],"class_list":["post-23330","post","type-post","status-publish","format-standard","has-post-thumbnail","hentry","category-guncel"],"_links":{"self":[{"href":"https:\/\/www.egemtv.com\/index.php?rest_route=\/wp\/v2\/posts\/23330","targetHints":{"allow":["GET"]}}],"collection":[{"href":"https:\/\/www.egemtv.com\/index.php?rest_route=\/wp\/v2\/posts"}],"about":[{"href":"https:\/\/www.egemtv.com\/index.php?rest_route=\/wp\/v2\/types\/post"}],"author":[{"embeddable":true,"href":"https:\/\/www.egemtv.com\/index.php?rest_route=\/wp\/v2\/users\/1"}],"replies":[{"embeddable":true,"href":"https:\/\/www.egemtv.com\/index.php?rest_route=%2Fwp%2Fv2%2Fcomments&post=23330"}],"version-history":[{"count":1,"href":"https:\/\/www.egemtv.com\/index.php?rest_route=\/wp\/v2\/posts\/23330\/revisions"}],"predecessor-version":[{"id":23332,"href":"https:\/\/www.egemtv.com\/index.php?rest_route=\/wp\/v2\/posts\/23330\/revisions\/23332"}],"wp:featuredmedia":[{"embeddable":true,"href":"https:\/\/www.egemtv.com\/index.php?rest_route=\/wp\/v2\/media\/23331"}],"wp:attachment":[{"href":"https:\/\/www.egemtv.com\/index.php?rest_route=%2Fwp%2Fv2%2Fmedia&parent=23330"}],"wp:term":[{"taxonomy":"category","embeddable":true,"href":"https:\/\/www.egemtv.com\/index.php?rest_route=%2Fwp%2Fv2%2Fcategories&post=23330"},{"taxonomy":"post_tag","embeddable":true,"href":"https:\/\/www.egemtv.com\/index.php?rest_route=%2Fwp%2Fv2%2Ftags&post=23330"}],"curies":[{"name":"wp","href":"https:\/\/api.w.org\/{rel}","templated":true}]}}