{"id":23327,"date":"2025-03-01T14:07:43","date_gmt":"2025-03-01T11:07:43","guid":{"rendered":"https:\/\/www.egemtv.com\/?p=23327"},"modified":"2025-03-01T14:07:47","modified_gmt":"2025-03-01T11:07:47","slug":"tavsanlida-trafik-kazasi1-yarali","status":"publish","type":"post","link":"https:\/\/www.egemtv.com\/?p=23327","title":{"rendered":"Tav\u015fanl\u0131\u2019da trafik kazas\u0131:1 yaral\u0131"},"content":{"rendered":"<p>K\u00fctahya\u2019n\u0131n Tav\u015fanl\u0131 il\u00e7esinde meydana gelen trafik kazas\u0131nda 1 ki\u015fi yaraland\u0131.<br \/>\n<br \/>Edinilen bilgilere g\u00f6re, Tav\u015fanl\u0131 &#8211; Tepecik karayolu 2\u2019inci kilometresinde Mehmet K., (70) idaresindeki 43 HU 745 plakal\u0131 ara\u00e7 Tepecik Beldesi istikametine gitti\u011fi s\u0131rada arkadan gelen Halil \u0130brahim B., (51) idaresindeki 43 AD 296 plakal\u0131 arac\u0131n \u00e7arpmas\u0131 sonucu 43 AD 296 plakal\u0131 ara\u00e7ta yolcu olarak bulunan T. B.(49) yaraland\u0131. Kazada yaralanan T.B., olay yerine gelen 112 Acil servis ile Tav\u015fanl\u0131 Do\u00e7. Dr. Mustafa Kalemli Devlet Hastanesine sevk edildi. Kaza ile ilgili inceleme devam ediyor.<br \/><\/p>\n","protected":false},"excerpt":{"rendered":"<p>K\u00fctahya\u2019n\u0131n Tav\u015fanl\u0131 il\u00e7esinde meydana gelen trafik kazas\u0131nda 1 ki\u015fi yaraland\u0131. Edinilen bilgilere g\u00f6re, Tav\u015fanl\u0131 &#8211; Tepecik karayolu 2\u2019inci kilometresinde Mehmet K., (70) idaresindeki 43 HU 745 plakal\u0131 ara\u00e7 Tepecik Beldesi istikametine gitti\u011fi s\u0131rada arkadan gelen Halil \u0130brahim B., (51) idaresindeki 43 AD 296 plakal\u0131 arac\u0131n \u00e7arpmas\u0131 sonucu 43 AD 296 plakal\u0131 ara\u00e7ta yolcu olarak bulunan&#8230;<\/p>\n","protected":false},"author":1,"featured_media":23328,"comment_status":"open","ping_status":"open","sticky":false,"template":"","format":"standard","meta":{"_crdt_document":"","footnotes":""},"categories":[5],"tags":[],"class_list":["post-23327","post","type-post","status-publish","format-standard","has-post-thumbnail","hentry","category-asayis"],"_links":{"self":[{"href":"https:\/\/www.egemtv.com\/index.php?rest_route=\/wp\/v2\/posts\/23327","targetHints":{"allow":["GET"]}}],"collection":[{"href":"https:\/\/www.egemtv.com\/index.php?rest_route=\/wp\/v2\/posts"}],"about":[{"href":"https:\/\/www.egemtv.com\/index.php?rest_route=\/wp\/v2\/types\/post"}],"author":[{"embeddable":true,"href":"https:\/\/www.egemtv.com\/index.php?rest_route=\/wp\/v2\/users\/1"}],"replies":[{"embeddable":true,"href":"https:\/\/www.egemtv.com\/index.php?rest_route=%2Fwp%2Fv2%2Fcomments&post=23327"}],"version-history":[{"count":1,"href":"https:\/\/www.egemtv.com\/index.php?rest_route=\/wp\/v2\/posts\/23327\/revisions"}],"predecessor-version":[{"id":23329,"href":"https:\/\/www.egemtv.com\/index.php?rest_route=\/wp\/v2\/posts\/23327\/revisions\/23329"}],"wp:featuredmedia":[{"embeddable":true,"href":"https:\/\/www.egemtv.com\/index.php?rest_route=\/wp\/v2\/media\/23328"}],"wp:attachment":[{"href":"https:\/\/www.egemtv.com\/index.php?rest_route=%2Fwp%2Fv2%2Fmedia&parent=23327"}],"wp:term":[{"taxonomy":"category","embeddable":true,"href":"https:\/\/www.egemtv.com\/index.php?rest_route=%2Fwp%2Fv2%2Fcategories&post=23327"},{"taxonomy":"post_tag","embeddable":true,"href":"https:\/\/www.egemtv.com\/index.php?rest_route=%2Fwp%2Fv2%2Ftags&post=23327"}],"curies":[{"name":"wp","href":"https:\/\/api.w.org\/{rel}","templated":true}]}}